{"id":9909,"date":"2025-01-04T00:00:00","date_gmt":"2025-01-03T23:00:00","guid":{"rendered":"https:\/\/zamojskahistoria.pl\/?p=9909"},"modified":"2025-01-04T00:00:00","modified_gmt":"2025-01-03T23:00:00","slug":"labunka-i-jej-okolice-tzw-lipki-w-tle-kosciol-sw-mikolaja-od-lewej-zofia-stryjkowna-i-zemis-oraz-nn-i-witold-stryjek-pocz-lat-30-tych-odb-111x81-sygn-88","status":"publish","type":"post","link":"https:\/\/zamojskahistoria.pl\/?p=9909","title":{"rendered":"\u0141abu\u0144ka i jej okolice Tzw. \u201eLipki\u201d, w tle ko\u015bci\u00f3\u0142 \u015bw. Miko\u0142aja \u2013 od lewej Zofia Stryjk\u00f3wna i \u017bemis, oraz NN i Witold Stryjek, pocz. lat 30-tych, odb. 111&#215;81 \u2013 sygn. 88.1178.14315.9 dig."},"content":{"rendered":"<p>\u0141abu\u0144ka i jej okolice Tzw. \u201eLipki\u201d, w tle ko\u015bci\u00f3\u0142 \u015bw. Miko\u0142aja \u2013 od lewej Zofia Stryjk\u00f3wna i \u017bemis, oraz NN i Witold Stryjek, pocz. lat 30-tych, odb. 111&#215;81 \u2013 sygn. 88.1178.14315.9 dig.<\/p>\n","protected":false},"excerpt":{"rendered":"<p>\u0141abu\u0144ka i jej okolice Tzw. \u201eLipki\u201d, w tle ko\u015bci\u00f3\u0142 \u015bw. Miko\u0142aja \u2013 od lewej Zofia Stryjk\u00f3wna i \u017bemis, oraz NN i Witold Stryjek, pocz. lat 30-tych, odb. 111&#215;81 \u2013 sygn. 88.1178.14315.9 dig.<\/p>\n","protected":false},"author":1,"featured_media":112,"comment_status":"open","ping_status":"open","sticky":false,"template":"","format":"standard","meta":{"footnotes":""},"categories":[59],"tags":[],"class_list":["post-9909","post","type-post","status-publish","format-standard","has-post-thumbnail","hentry","category-obyczaje-codziennosc"],"_links":{"self":[{"href":"https:\/\/zamojskahistoria.pl\/index.php?rest_route=\/wp\/v2\/posts\/9909","targetHints":{"allow":["GET"]}}],"collection":[{"href":"https:\/\/zamojskahistoria.pl\/index.php?rest_route=\/wp\/v2\/posts"}],"about":[{"href":"https:\/\/zamojskahistoria.pl\/index.php?rest_route=\/wp\/v2\/types\/post"}],"author":[{"embeddable":true,"href":"https:\/\/zamojskahistoria.pl\/index.php?rest_route=\/wp\/v2\/users\/1"}],"replies":[{"embeddable":true,"href":"https:\/\/zamojskahistoria.pl\/index.php?rest_route=%2Fwp%2Fv2%2Fcomments&post=9909"}],"version-history":[{"count":0,"href":"https:\/\/zamojskahistoria.pl\/index.php?rest_route=\/wp\/v2\/posts\/9909\/revisions"}],"wp:featuredmedia":[{"embeddable":true,"href":"https:\/\/zamojskahistoria.pl\/index.php?rest_route=\/wp\/v2\/media\/112"}],"wp:attachment":[{"href":"https:\/\/zamojskahistoria.pl\/index.php?rest_route=%2Fwp%2Fv2%2Fmedia&parent=9909"}],"wp:term":[{"taxonomy":"category","embeddable":true,"href":"https:\/\/zamojskahistoria.pl\/index.php?rest_route=%2Fwp%2Fv2%2Fcategories&post=9909"},{"taxonomy":"post_tag","embeddable":true,"href":"https:\/\/zamojskahistoria.pl\/index.php?rest_route=%2Fwp%2Fv2%2Ftags&post=9909"}],"curies":[{"name":"wp","href":"https:\/\/api.w.org\/{rel}","templated":true}]}}