{"id":9895,"date":"2025-01-04T00:00:00","date_gmt":"2025-01-03T23:00:00","guid":{"rendered":"https:\/\/zamojskahistoria.pl\/?p=9895"},"modified":"2025-01-04T00:00:00","modified_gmt":"2025-01-03T23:00:00","slug":"na-lyzwach-na-labunce-foto-film-l-gieros-w-zamosciu-ok-1937-r-odb-77x58-sygn-88-1178-14305-2-dig","status":"publish","type":"post","link":"https:\/\/zamojskahistoria.pl\/?p=9895","title":{"rendered":"Na \u0142y\u017cwach Na \u0141abu\u0144ce, Foto-Film L. Giero\u015b w Zamo\u015bciu\u201d, ok. 1937 r., odb. 77&#215;58 \u2013 sygn. 88.1178.14305.2 dig."},"content":{"rendered":"<p>Na \u0142y\u017cwach Na \u0141abu\u0144ce, Foto-Film L. Giero\u015b w Zamo\u015bciu\u201d, ok. 1937 r., odb. 77&#215;58 \u2013 sygn. 88.1178.14305.2 dig.<\/p>\n","protected":false},"excerpt":{"rendered":"<p>Na \u0142y\u017cwach Na \u0141abu\u0144ce, Foto-Film L. Giero\u015b w Zamo\u015bciu\u201d, ok. 1937 r., odb. 77&#215;58 \u2013 sygn. 88.1178.14305.2 dig.<\/p>\n","protected":false},"author":1,"featured_media":112,"comment_status":"open","ping_status":"open","sticky":false,"template":"","format":"standard","meta":{"footnotes":""},"categories":[59],"tags":[],"class_list":["post-9895","post","type-post","status-publish","format-standard","has-post-thumbnail","hentry","category-obyczaje-codziennosc"],"_links":{"self":[{"href":"https:\/\/zamojskahistoria.pl\/index.php?rest_route=\/wp\/v2\/posts\/9895","targetHints":{"allow":["GET"]}}],"collection":[{"href":"https:\/\/zamojskahistoria.pl\/index.php?rest_route=\/wp\/v2\/posts"}],"about":[{"href":"https:\/\/zamojskahistoria.pl\/index.php?rest_route=\/wp\/v2\/types\/post"}],"author":[{"embeddable":true,"href":"https:\/\/zamojskahistoria.pl\/index.php?rest_route=\/wp\/v2\/users\/1"}],"replies":[{"embeddable":true,"href":"https:\/\/zamojskahistoria.pl\/index.php?rest_route=%2Fwp%2Fv2%2Fcomments&post=9895"}],"version-history":[{"count":0,"href":"https:\/\/zamojskahistoria.pl\/index.php?rest_route=\/wp\/v2\/posts\/9895\/revisions"}],"wp:featuredmedia":[{"embeddable":true,"href":"https:\/\/zamojskahistoria.pl\/index.php?rest_route=\/wp\/v2\/media\/112"}],"wp:attachment":[{"href":"https:\/\/zamojskahistoria.pl\/index.php?rest_route=%2Fwp%2Fv2%2Fmedia&parent=9895"}],"wp:term":[{"taxonomy":"category","embeddable":true,"href":"https:\/\/zamojskahistoria.pl\/index.php?rest_route=%2Fwp%2Fv2%2Fcategories&post=9895"},{"taxonomy":"post_tag","embeddable":true,"href":"https:\/\/zamojskahistoria.pl\/index.php?rest_route=%2Fwp%2Fv2%2Ftags&post=9895"}],"curies":[{"name":"wp","href":"https:\/\/api.w.org\/{rel}","templated":true}]}}