{"id":9878,"date":"2025-01-04T00:00:00","date_gmt":"2025-01-03T23:00:00","guid":{"rendered":"https:\/\/zamojskahistoria.pl\/?p=9878"},"modified":"2025-01-04T00:00:00","modified_gmt":"2025-01-03T23:00:00","slug":"rowery-rower-z-przyczepka-michalowski-z-corka-w-tle-furgon-fabryki-cukrow-i-czekolad-w-lublinie-w-glebi-planty-targowica-na-horyzoncie-drzewa-ul-peowiakow-fo","status":"publish","type":"post","link":"https:\/\/zamojskahistoria.pl\/?p=9878","title":{"rendered":"Rowery Rower z przyczepk\u0105 \u2013 Micha\u0142owski z c\u00f3rk\u0105, w tle furgon \u201eFabryki Cukr\u00f3w i czekolad w Lublinie\u201d, w g\u0142\u0119bi Planty- targowica, na horyzoncie drzewa ul. Peowiak\u00f3w, \u201eFoto-Film L. Giero\u015b w Zamo\u015bciu\u201d, ok. 1935 r., 79&#215;57 \u2013 sygn. 88.1178.14302.5 dig."},"content":{"rendered":"<p>Rowery Rower z przyczepk\u0105 \u2013 Micha\u0142owski z c\u00f3rk\u0105, w tle furgon \u201eFabryki Cukr\u00f3w i czekolad w Lublinie\u201d, w g\u0142\u0119bi Planty- targowica, na horyzoncie drzewa ul. Peowiak\u00f3w, \u201eFoto-Film L. Giero\u015b w Zamo\u015bciu\u201d, ok. 1935 r., 79&#215;57 \u2013 sygn. 88.1178.14302.5 dig.<\/p>\n","protected":false},"excerpt":{"rendered":"<p>Rowery Rower z przyczepk\u0105 \u2013 Micha\u0142owski z c\u00f3rk\u0105, w tle furgon \u201eFabryki Cukr\u00f3w i czekolad w Lublinie\u201d, w g\u0142\u0119bi Planty- targowica, na horyzoncie drzewa ul. Peowiak\u00f3w, \u201eFoto-Film L. Giero\u015b w Zamo\u015bciu\u201d, ok. 1935 r., 79&#215;57 \u2013 sygn. 88.1178.14302.5 dig.<\/p>\n","protected":false},"author":1,"featured_media":112,"comment_status":"open","ping_status":"open","sticky":false,"template":"","format":"standard","meta":{"footnotes":""},"categories":[59],"tags":[],"class_list":["post-9878","post","type-post","status-publish","format-standard","has-post-thumbnail","hentry","category-obyczaje-codziennosc"],"_links":{"self":[{"href":"https:\/\/zamojskahistoria.pl\/index.php?rest_route=\/wp\/v2\/posts\/9878","targetHints":{"allow":["GET"]}}],"collection":[{"href":"https:\/\/zamojskahistoria.pl\/index.php?rest_route=\/wp\/v2\/posts"}],"about":[{"href":"https:\/\/zamojskahistoria.pl\/index.php?rest_route=\/wp\/v2\/types\/post"}],"author":[{"embeddable":true,"href":"https:\/\/zamojskahistoria.pl\/index.php?rest_route=\/wp\/v2\/users\/1"}],"replies":[{"embeddable":true,"href":"https:\/\/zamojskahistoria.pl\/index.php?rest_route=%2Fwp%2Fv2%2Fcomments&post=9878"}],"version-history":[{"count":0,"href":"https:\/\/zamojskahistoria.pl\/index.php?rest_route=\/wp\/v2\/posts\/9878\/revisions"}],"wp:featuredmedia":[{"embeddable":true,"href":"https:\/\/zamojskahistoria.pl\/index.php?rest_route=\/wp\/v2\/media\/112"}],"wp:attachment":[{"href":"https:\/\/zamojskahistoria.pl\/index.php?rest_route=%2Fwp%2Fv2%2Fmedia&parent=9878"}],"wp:term":[{"taxonomy":"category","embeddable":true,"href":"https:\/\/zamojskahistoria.pl\/index.php?rest_route=%2Fwp%2Fv2%2Fcategories&post=9878"},{"taxonomy":"post_tag","embeddable":true,"href":"https:\/\/zamojskahistoria.pl\/index.php?rest_route=%2Fwp%2Fv2%2Ftags&post=9878"}],"curies":[{"name":"wp","href":"https:\/\/api.w.org\/{rel}","templated":true}]}}