{"id":9679,"date":"2025-01-04T00:00:00","date_gmt":"2025-01-03T23:00:00","guid":{"rendered":"https:\/\/zamojskahistoria.pl\/?p=9679"},"modified":"2025-01-04T00:00:00","modified_gmt":"2025-01-03T23:00:00","slug":"bal-sylwestrowy-w-restauracji-centralka-w-zamosciu-skladanie-zyczen-onyszkiewicz-tylem-sygn-88-1178-14101-3-brak","status":"publish","type":"post","link":"https:\/\/zamojskahistoria.pl\/?p=9679","title":{"rendered":"Bal sylwestrowy w restauracji \u201eCentralka\u201d w Zamo\u015bciu, Sk\u0142adanie \u017cycze\u0144 \u2013 Onyszkiewicz ty\u0142em, \u2013 sygn. 88.1178.14101.3 brak"},"content":{"rendered":"<p>Bal sylwestrowy w restauracji \u201eCentralka\u201d w Zamo\u015bciu, Sk\u0142adanie \u017cycze\u0144 \u2013 Onyszkiewicz ty\u0142em, \u2013 sygn. 88.1178.14101.3 brak<\/p>\n","protected":false},"excerpt":{"rendered":"<p>Bal sylwestrowy w restauracji \u201eCentralka\u201d w Zamo\u015bciu, Sk\u0142adanie \u017cycze\u0144 \u2013 Onyszkiewicz ty\u0142em, \u2013 sygn. 88.1178.14101.3 brak<\/p>\n","protected":false},"author":1,"featured_media":112,"comment_status":"open","ping_status":"open","sticky":false,"template":"","format":"standard","meta":{"footnotes":""},"categories":[59],"tags":[],"class_list":["post-9679","post","type-post","status-publish","format-standard","has-post-thumbnail","hentry","category-obyczaje-codziennosc"],"_links":{"self":[{"href":"https:\/\/zamojskahistoria.pl\/index.php?rest_route=\/wp\/v2\/posts\/9679","targetHints":{"allow":["GET"]}}],"collection":[{"href":"https:\/\/zamojskahistoria.pl\/index.php?rest_route=\/wp\/v2\/posts"}],"about":[{"href":"https:\/\/zamojskahistoria.pl\/index.php?rest_route=\/wp\/v2\/types\/post"}],"author":[{"embeddable":true,"href":"https:\/\/zamojskahistoria.pl\/index.php?rest_route=\/wp\/v2\/users\/1"}],"replies":[{"embeddable":true,"href":"https:\/\/zamojskahistoria.pl\/index.php?rest_route=%2Fwp%2Fv2%2Fcomments&post=9679"}],"version-history":[{"count":0,"href":"https:\/\/zamojskahistoria.pl\/index.php?rest_route=\/wp\/v2\/posts\/9679\/revisions"}],"wp:featuredmedia":[{"embeddable":true,"href":"https:\/\/zamojskahistoria.pl\/index.php?rest_route=\/wp\/v2\/media\/112"}],"wp:attachment":[{"href":"https:\/\/zamojskahistoria.pl\/index.php?rest_route=%2Fwp%2Fv2%2Fmedia&parent=9679"}],"wp:term":[{"taxonomy":"category","embeddable":true,"href":"https:\/\/zamojskahistoria.pl\/index.php?rest_route=%2Fwp%2Fv2%2Fcategories&post=9679"},{"taxonomy":"post_tag","embeddable":true,"href":"https:\/\/zamojskahistoria.pl\/index.php?rest_route=%2Fwp%2Fv2%2Ftags&post=9679"}],"curies":[{"name":"wp","href":"https:\/\/api.w.org\/{rel}","templated":true}]}}