{"id":9645,"date":"2025-01-03T00:00:00","date_gmt":"2025-01-02T23:00:00","guid":{"rendered":"https:\/\/zamojskahistoria.pl\/?p=9645"},"modified":"2025-01-03T00:00:00","modified_gmt":"2025-01-02T23:00:00","slug":"pttk-oddzial-w-zamosciu-nowowybrany-zarzad-od-lewej-bronislaw-zywina-roman-plachcinski-janusz-kapecki-ryszard-derylo-stanislaw-tryka-zbigniew-pietrynko-czeslaw-kazmierczak-andrzej-burcan-tadeu","status":"publish","type":"post","link":"https:\/\/zamojskahistoria.pl\/?p=9645","title":{"rendered":"PTTK Oddzia\u0142 w Zamo\u015bciu Nowowybrany zarz\u0105d od lewej Bronis\u0142aw \u017bywina, Roman P\u0142achci\u0144ski, Janusz Kapecki, Ryszard Dery\u0142o, Stanis\u0142aw Tryka, Zbigniew Pietrynko, Czes\u0142aw Ka\u017amierczak, Andrzej Burcan, Tadeusz Twardowski, Grzegorz \u017beligowski, Stanis\u0142aw Margol, W\u0142adys\u0142awa Podobi\u0144ska, Jerzy Brzozowski, Ewa Strumid\u0142o, Stanis\u0142aw Tyszko, Jerzy Ciepli\u0144ski, Marian Siegie\u0144czuk, 3 II 1985; autor NN, odb. 170&#215;102 \u2013 sygn. 88.1178.13660.1 brak"},"content":{"rendered":"<p>PTTK Oddzia\u0142 w Zamo\u015bciu Nowowybrany zarz\u0105d od lewej Bronis\u0142aw \u017bywina, Roman P\u0142achci\u0144ski, Janusz Kapecki, Ryszard Dery\u0142o, Stanis\u0142aw Tryka, Zbigniew Pietrynko, Czes\u0142aw Ka\u017amierczak, Andrzej Burcan, Tadeusz Twardowski, Grzegorz \u017beligowski, Stanis\u0142aw Margol, W\u0142adys\u0142awa Podobi\u0144ska, Jerzy Brzozowski, Ewa Strumid\u0142o, Stanis\u0142aw Tyszko, Jerzy Ciepli\u0144ski, Marian Siegie\u0144czuk, 3 II 1985; autor NN, odb. 170&#215;102 \u2013 sygn. 88.1178.13660.1 brak<\/p>\n","protected":false},"excerpt":{"rendered":"<p>PTTK Oddzia\u0142 w Zamo\u015bciu Nowowybrany zarz\u0105d od lewej Bronis\u0142aw \u017bywina, Roman P\u0142achci\u0144ski, Janusz Kapecki, Ryszard Dery\u0142o, Stanis\u0142aw Tryka, Zbigniew Pietrynko, Czes\u0142aw Ka\u017amierczak, Andrzej Burcan, Tadeusz Twardowski, Grzegorz \u017beligowski, Stanis\u0142aw Margol, W\u0142adys\u0142awa Podobi\u0144ska, Jerzy Brzozowski, Ewa Strumid\u0142o, Stanis\u0142aw Tyszko, Jerzy Ciepli\u0144ski, Marian Siegie\u0144czuk, 3 II 1985; autor NN, odb. 170&#215;102 \u2013 sygn. 88.1178.13660.1 brak<\/p>\n","protected":false},"author":1,"featured_media":112,"comment_status":"open","ping_status":"open","sticky":false,"template":"","format":"standard","meta":{"footnotes":""},"categories":[22,58],"tags":[],"class_list":["post-9645","post","type-post","status-publish","format-standard","has-post-thumbnail","hentry","category-fotografie","category-sport"],"_links":{"self":[{"href":"https:\/\/zamojskahistoria.pl\/index.php?rest_route=\/wp\/v2\/posts\/9645","targetHints":{"allow":["GET"]}}],"collection":[{"href":"https:\/\/zamojskahistoria.pl\/index.php?rest_route=\/wp\/v2\/posts"}],"about":[{"href":"https:\/\/zamojskahistoria.pl\/index.php?rest_route=\/wp\/v2\/types\/post"}],"author":[{"embeddable":true,"href":"https:\/\/zamojskahistoria.pl\/index.php?rest_route=\/wp\/v2\/users\/1"}],"replies":[{"embeddable":true,"href":"https:\/\/zamojskahistoria.pl\/index.php?rest_route=%2Fwp%2Fv2%2Fcomments&post=9645"}],"version-history":[{"count":0,"href":"https:\/\/zamojskahistoria.pl\/index.php?rest_route=\/wp\/v2\/posts\/9645\/revisions"}],"wp:featuredmedia":[{"embeddable":true,"href":"https:\/\/zamojskahistoria.pl\/index.php?rest_route=\/wp\/v2\/media\/112"}],"wp:attachment":[{"href":"https:\/\/zamojskahistoria.pl\/index.php?rest_route=%2Fwp%2Fv2%2Fmedia&parent=9645"}],"wp:term":[{"taxonomy":"category","embeddable":true,"href":"https:\/\/zamojskahistoria.pl\/index.php?rest_route=%2Fwp%2Fv2%2Fcategories&post=9645"},{"taxonomy":"post_tag","embeddable":true,"href":"https:\/\/zamojskahistoria.pl\/index.php?rest_route=%2Fwp%2Fv2%2Ftags&post=9645"}],"curies":[{"name":"wp","href":"https:\/\/api.w.org\/{rel}","templated":true}]}}