{"id":9642,"date":"2025-01-03T00:00:00","date_gmt":"2025-01-02T23:00:00","guid":{"rendered":"https:\/\/zamojskahistoria.pl\/?p=9642"},"modified":"2025-01-03T00:00:00","modified_gmt":"2025-01-02T23:00:00","slug":"rekreacja-staw-w-zwierzyncu-wypoczynek-nad-woda-i-ok-1978-autor-jozef-duda-odb-290x290-sygn-88-1178-13651-1-dig-bf","status":"publish","type":"post","link":"https:\/\/zamojskahistoria.pl\/?p=9642","title":{"rendered":"Rekreacja \u2013 staw w Zwierzy\u0144cu Wypoczynek nad wod\u0105 I, ok. 1978, autor J\u00f3zef Duda, odb. 290&#215;290 \u2013 sygn. 88.1178. 13651.1 dig.BF"},"content":{"rendered":"<p>Rekreacja \u2013 staw w Zwierzy\u0144cu Wypoczynek nad wod\u0105 I, ok. 1978, autor J\u00f3zef Duda, odb. 290&#215;290 \u2013 sygn. 88.1178. 13651.1 dig.BF<\/p>\n","protected":false},"excerpt":{"rendered":"<p>Rekreacja \u2013 staw w Zwierzy\u0144cu Wypoczynek nad wod\u0105 I, ok. 1978, autor J\u00f3zef Duda, odb. 290&#215;290 \u2013 sygn. 88.1178. 13651.1 dig.BF<\/p>\n","protected":false},"author":1,"featured_media":112,"comment_status":"open","ping_status":"open","sticky":false,"template":"","format":"standard","meta":{"footnotes":""},"categories":[22,58],"tags":[],"class_list":["post-9642","post","type-post","status-publish","format-standard","has-post-thumbnail","hentry","category-fotografie","category-sport"],"_links":{"self":[{"href":"https:\/\/zamojskahistoria.pl\/index.php?rest_route=\/wp\/v2\/posts\/9642","targetHints":{"allow":["GET"]}}],"collection":[{"href":"https:\/\/zamojskahistoria.pl\/index.php?rest_route=\/wp\/v2\/posts"}],"about":[{"href":"https:\/\/zamojskahistoria.pl\/index.php?rest_route=\/wp\/v2\/types\/post"}],"author":[{"embeddable":true,"href":"https:\/\/zamojskahistoria.pl\/index.php?rest_route=\/wp\/v2\/users\/1"}],"replies":[{"embeddable":true,"href":"https:\/\/zamojskahistoria.pl\/index.php?rest_route=%2Fwp%2Fv2%2Fcomments&post=9642"}],"version-history":[{"count":0,"href":"https:\/\/zamojskahistoria.pl\/index.php?rest_route=\/wp\/v2\/posts\/9642\/revisions"}],"wp:featuredmedia":[{"embeddable":true,"href":"https:\/\/zamojskahistoria.pl\/index.php?rest_route=\/wp\/v2\/media\/112"}],"wp:attachment":[{"href":"https:\/\/zamojskahistoria.pl\/index.php?rest_route=%2Fwp%2Fv2%2Fmedia&parent=9642"}],"wp:term":[{"taxonomy":"category","embeddable":true,"href":"https:\/\/zamojskahistoria.pl\/index.php?rest_route=%2Fwp%2Fv2%2Fcategories&post=9642"},{"taxonomy":"post_tag","embeddable":true,"href":"https:\/\/zamojskahistoria.pl\/index.php?rest_route=%2Fwp%2Fv2%2Ftags&post=9642"}],"curies":[{"name":"wp","href":"https:\/\/api.w.org\/{rel}","templated":true}]}}