{"id":9641,"date":"2025-01-03T00:00:00","date_gmt":"2025-01-02T23:00:00","guid":{"rendered":"https:\/\/zamojskahistoria.pl\/?p=9641"},"modified":"2025-01-03T00:00:00","modified_gmt":"2025-01-02T23:00:00","slug":"przewodnicy-przewodnicy-pttk-w-zamosciu-zwiedzaja-wystawe-zamosc-wczoraj-dzis-jutro-na-zamku-krolewskim-z-janem-zamoyskim-iv-1985-autor-nn-odb-130x80-sygn-88-1178-13615-3-dig","status":"publish","type":"post","link":"https:\/\/zamojskahistoria.pl\/?p=9641","title":{"rendered":"Przewodnicy Przewodnicy PTTK w Zamo\u015bciu zwiedzaj\u0105 wystaw\u0119 Zamo\u015b\u0107 Wczoraj dzi\u015b jutro na Zamku Kr\u00f3lewskim, z Janem Zamoyskim, IV 1985, autor NN, odb. 130&#215;80 \u2013 sygn. 88.1178.13615.3 dig."},"content":{"rendered":"<p>Przewodnicy Przewodnicy PTTK w Zamo\u015bciu zwiedzaj\u0105 wystaw\u0119 Zamo\u015b\u0107 Wczoraj dzi\u015b jutro na Zamku Kr\u00f3lewskim, z Janem Zamoyskim, IV 1985, autor NN, odb. 130&#215;80 \u2013 sygn. 88.1178.13615.3 dig.<\/p>\n","protected":false},"excerpt":{"rendered":"<p>Przewodnicy Przewodnicy PTTK w Zamo\u015bciu zwiedzaj\u0105 wystaw\u0119 Zamo\u015b\u0107 Wczoraj dzi\u015b jutro na Zamku Kr\u00f3lewskim, z Janem Zamoyskim, IV 1985, autor NN, odb. 130&#215;80 \u2013 sygn. 88.1178.13615.3 dig.<\/p>\n","protected":false},"author":1,"featured_media":112,"comment_status":"open","ping_status":"open","sticky":false,"template":"","format":"standard","meta":{"footnotes":""},"categories":[22,58],"tags":[],"class_list":["post-9641","post","type-post","status-publish","format-standard","has-post-thumbnail","hentry","category-fotografie","category-sport"],"_links":{"self":[{"href":"https:\/\/zamojskahistoria.pl\/index.php?rest_route=\/wp\/v2\/posts\/9641","targetHints":{"allow":["GET"]}}],"collection":[{"href":"https:\/\/zamojskahistoria.pl\/index.php?rest_route=\/wp\/v2\/posts"}],"about":[{"href":"https:\/\/zamojskahistoria.pl\/index.php?rest_route=\/wp\/v2\/types\/post"}],"author":[{"embeddable":true,"href":"https:\/\/zamojskahistoria.pl\/index.php?rest_route=\/wp\/v2\/users\/1"}],"replies":[{"embeddable":true,"href":"https:\/\/zamojskahistoria.pl\/index.php?rest_route=%2Fwp%2Fv2%2Fcomments&post=9641"}],"version-history":[{"count":0,"href":"https:\/\/zamojskahistoria.pl\/index.php?rest_route=\/wp\/v2\/posts\/9641\/revisions"}],"wp:featuredmedia":[{"embeddable":true,"href":"https:\/\/zamojskahistoria.pl\/index.php?rest_route=\/wp\/v2\/media\/112"}],"wp:attachment":[{"href":"https:\/\/zamojskahistoria.pl\/index.php?rest_route=%2Fwp%2Fv2%2Fmedia&parent=9641"}],"wp:term":[{"taxonomy":"category","embeddable":true,"href":"https:\/\/zamojskahistoria.pl\/index.php?rest_route=%2Fwp%2Fv2%2Fcategories&post=9641"},{"taxonomy":"post_tag","embeddable":true,"href":"https:\/\/zamojskahistoria.pl\/index.php?rest_route=%2Fwp%2Fv2%2Ftags&post=9641"}],"curies":[{"name":"wp","href":"https:\/\/api.w.org\/{rel}","templated":true}]}}