{"id":9020,"date":"2025-01-03T00:00:00","date_gmt":"2025-01-02T23:00:00","guid":{"rendered":"https:\/\/zamojskahistoria.pl\/?p=9020"},"modified":"2025-01-03T00:00:00","modified_gmt":"2025-01-02T23:00:00","slug":"hetman-zamosc-lata-50-te-o-wejscie-do-ligi-miedzywojewodzkiej-skonecki-jurak-nn-nn-nn-steinmetz-sroka-nn-mm-bulak-1955-odb-83x55-sygn-88-1178-13106-9-dig","status":"publish","type":"post","link":"https:\/\/zamojskahistoria.pl\/?p=9020","title":{"rendered":"Hetman Zamo\u015b\u0107, lata 50-te; O wej\u015bcie do ligi mi\u0119dzywojew\u00f3dzkiej \u2013 Skonecki, Jurak, NN, NN, NN, Steinmetz, Sroka, NN, MM, Bulak, 1955?, odb. 83&#215;55 \u2013 sygn. 88.1178.13106.9 dig."},"content":{"rendered":"<p>Hetman Zamo\u015b\u0107, lata 50-te; O wej\u015bcie do ligi mi\u0119dzywojew\u00f3dzkiej \u2013 Skonecki, Jurak, NN, NN, NN, Steinmetz, Sroka, NN, MM, Bulak, 1955?, odb. 83&#215;55 \u2013 sygn. 88.1178.13106.9 dig.<\/p>\n","protected":false},"excerpt":{"rendered":"<p>Hetman Zamo\u015b\u0107, lata 50-te; O wej\u015bcie do ligi mi\u0119dzywojew\u00f3dzkiej \u2013 Skonecki, Jurak, NN, NN, NN, Steinmetz, Sroka, NN, MM, Bulak, 1955?, odb. 83&#215;55 \u2013 sygn. 88.1178.13106.9 dig.<\/p>\n","protected":false},"author":1,"featured_media":112,"comment_status":"open","ping_status":"open","sticky":false,"template":"","format":"standard","meta":{"footnotes":""},"categories":[22,58],"tags":[],"class_list":["post-9020","post","type-post","status-publish","format-standard","has-post-thumbnail","hentry","category-fotografie","category-sport"],"_links":{"self":[{"href":"https:\/\/zamojskahistoria.pl\/index.php?rest_route=\/wp\/v2\/posts\/9020","targetHints":{"allow":["GET"]}}],"collection":[{"href":"https:\/\/zamojskahistoria.pl\/index.php?rest_route=\/wp\/v2\/posts"}],"about":[{"href":"https:\/\/zamojskahistoria.pl\/index.php?rest_route=\/wp\/v2\/types\/post"}],"author":[{"embeddable":true,"href":"https:\/\/zamojskahistoria.pl\/index.php?rest_route=\/wp\/v2\/users\/1"}],"replies":[{"embeddable":true,"href":"https:\/\/zamojskahistoria.pl\/index.php?rest_route=%2Fwp%2Fv2%2Fcomments&post=9020"}],"version-history":[{"count":0,"href":"https:\/\/zamojskahistoria.pl\/index.php?rest_route=\/wp\/v2\/posts\/9020\/revisions"}],"wp:featuredmedia":[{"embeddable":true,"href":"https:\/\/zamojskahistoria.pl\/index.php?rest_route=\/wp\/v2\/media\/112"}],"wp:attachment":[{"href":"https:\/\/zamojskahistoria.pl\/index.php?rest_route=%2Fwp%2Fv2%2Fmedia&parent=9020"}],"wp:term":[{"taxonomy":"category","embeddable":true,"href":"https:\/\/zamojskahistoria.pl\/index.php?rest_route=%2Fwp%2Fv2%2Fcategories&post=9020"},{"taxonomy":"post_tag","embeddable":true,"href":"https:\/\/zamojskahistoria.pl\/index.php?rest_route=%2Fwp%2Fv2%2Ftags&post=9020"}],"curies":[{"name":"wp","href":"https:\/\/api.w.org\/{rel}","templated":true}]}}