{"id":8996,"date":"2025-01-03T00:00:00","date_gmt":"2025-01-02T23:00:00","guid":{"rendered":"https:\/\/zamojskahistoria.pl\/?p=8996"},"modified":"2025-01-03T00:00:00","modified_gmt":"2025-01-02T23:00:00","slug":"mecz-terekwejsz-debreczyn-hetman-zamosc-20-zamosc-autor-nn-24-vii-1956-przed-meczem-odb-82x55-sygn-88-1178-13103-5-dig","status":"publish","type":"post","link":"https:\/\/zamojskahistoria.pl\/?p=8996","title":{"rendered":"Mecz Terekwejsz Debreczyn \u2013 Hetman Zamo\u015b\u0107 (2:0), Zamo\u015b\u0107, autor NN, 24 VII 1956; Przed meczem, odb. 82&#215;55 \u2013 sygn. 88.1178.13103.5 dig."},"content":{"rendered":"<p>Mecz Terekwejsz Debreczyn \u2013 Hetman Zamo\u015b\u0107 (2:0), Zamo\u015b\u0107, autor NN, 24 VII 1956; Przed meczem, odb. 82&#215;55 \u2013 sygn. 88.1178.13103.5 dig.<\/p>\n","protected":false},"excerpt":{"rendered":"<p>Mecz Terekwejsz Debreczyn \u2013 Hetman Zamo\u015b\u0107 (2:0), Zamo\u015b\u0107, autor NN, 24 VII 1956; Przed meczem, odb. 82&#215;55 \u2013 sygn. 88.1178.13103.5 dig.<\/p>\n","protected":false},"author":1,"featured_media":112,"comment_status":"open","ping_status":"open","sticky":false,"template":"","format":"standard","meta":{"footnotes":""},"categories":[22,58],"tags":[],"class_list":["post-8996","post","type-post","status-publish","format-standard","has-post-thumbnail","hentry","category-fotografie","category-sport"],"_links":{"self":[{"href":"https:\/\/zamojskahistoria.pl\/index.php?rest_route=\/wp\/v2\/posts\/8996","targetHints":{"allow":["GET"]}}],"collection":[{"href":"https:\/\/zamojskahistoria.pl\/index.php?rest_route=\/wp\/v2\/posts"}],"about":[{"href":"https:\/\/zamojskahistoria.pl\/index.php?rest_route=\/wp\/v2\/types\/post"}],"author":[{"embeddable":true,"href":"https:\/\/zamojskahistoria.pl\/index.php?rest_route=\/wp\/v2\/users\/1"}],"replies":[{"embeddable":true,"href":"https:\/\/zamojskahistoria.pl\/index.php?rest_route=%2Fwp%2Fv2%2Fcomments&post=8996"}],"version-history":[{"count":0,"href":"https:\/\/zamojskahistoria.pl\/index.php?rest_route=\/wp\/v2\/posts\/8996\/revisions"}],"wp:featuredmedia":[{"embeddable":true,"href":"https:\/\/zamojskahistoria.pl\/index.php?rest_route=\/wp\/v2\/media\/112"}],"wp:attachment":[{"href":"https:\/\/zamojskahistoria.pl\/index.php?rest_route=%2Fwp%2Fv2%2Fmedia&parent=8996"}],"wp:term":[{"taxonomy":"category","embeddable":true,"href":"https:\/\/zamojskahistoria.pl\/index.php?rest_route=%2Fwp%2Fv2%2Fcategories&post=8996"},{"taxonomy":"post_tag","embeddable":true,"href":"https:\/\/zamojskahistoria.pl\/index.php?rest_route=%2Fwp%2Fv2%2Ftags&post=8996"}],"curies":[{"name":"wp","href":"https:\/\/api.w.org\/{rel}","templated":true}]}}