{"id":8992,"date":"2025-01-03T00:00:00","date_gmt":"2025-01-02T23:00:00","guid":{"rendered":"https:\/\/zamojskahistoria.pl\/?p=8992"},"modified":"2025-01-03T00:00:00","modified_gmt":"2025-01-02T23:00:00","slug":"mecz-terekwejsz-debreczyn-hetman-zamosc-20-zamosc-autor-nn-24-vii-1956-spotkanie-po-meczu-z-druzyna-wegierska-w-srodku-prezes-ks-hetman-dr-onyszkiewicz-oraz-dzialacze-po-lewej-stron","status":"publish","type":"post","link":"https:\/\/zamojskahistoria.pl\/?p=8992","title":{"rendered":"Mecz Terekwejsz Debreczyn \u2013 Hetman Zamo\u015b\u0107 (2:0), Zamo\u015b\u0107, autor NN, 24 VII 1956; Spotkanie po meczu z dru\u017cyn\u0105 w\u0119giersk\u0105, w \u015brodku prezes KS Hetman dr Onyszkiewicz, oraz dzia\u0142acze po lewej stronie J. Jankiewicz, przed nim M. Szubtarski I; odb. 77&#215;125 \u2013 sygn. 88.1178.13103.1 dig."},"content":{"rendered":"<p>Mecz Terekwejsz Debreczyn \u2013 Hetman Zamo\u015b\u0107 (2:0), Zamo\u015b\u0107, autor NN, 24 VII 1956; Spotkanie po meczu z dru\u017cyn\u0105 w\u0119giersk\u0105, w \u015brodku prezes KS Hetman dr Onyszkiewicz, oraz dzia\u0142acze po lewej stronie J. Jankiewicz, przed nim M. Szubtarski I; odb. 77&#215;125 \u2013 sygn. 88.1178.13103.1 dig.<\/p>\n","protected":false},"excerpt":{"rendered":"<p>Mecz Terekwejsz Debreczyn \u2013 Hetman Zamo\u015b\u0107 (2:0), Zamo\u015b\u0107, autor NN, 24 VII 1956; Spotkanie po meczu z dru\u017cyn\u0105 w\u0119giersk\u0105, w \u015brodku prezes KS Hetman dr Onyszkiewicz, oraz dzia\u0142acze po lewej stronie J. Jankiewicz, przed nim M. Szubtarski I; odb. 77&#215;125 \u2013 sygn. 88.1178.13103.1 dig.<\/p>\n","protected":false},"author":1,"featured_media":112,"comment_status":"open","ping_status":"open","sticky":false,"template":"","format":"standard","meta":{"footnotes":""},"categories":[22,58],"tags":[],"class_list":["post-8992","post","type-post","status-publish","format-standard","has-post-thumbnail","hentry","category-fotografie","category-sport"],"_links":{"self":[{"href":"https:\/\/zamojskahistoria.pl\/index.php?rest_route=\/wp\/v2\/posts\/8992","targetHints":{"allow":["GET"]}}],"collection":[{"href":"https:\/\/zamojskahistoria.pl\/index.php?rest_route=\/wp\/v2\/posts"}],"about":[{"href":"https:\/\/zamojskahistoria.pl\/index.php?rest_route=\/wp\/v2\/types\/post"}],"author":[{"embeddable":true,"href":"https:\/\/zamojskahistoria.pl\/index.php?rest_route=\/wp\/v2\/users\/1"}],"replies":[{"embeddable":true,"href":"https:\/\/zamojskahistoria.pl\/index.php?rest_route=%2Fwp%2Fv2%2Fcomments&post=8992"}],"version-history":[{"count":0,"href":"https:\/\/zamojskahistoria.pl\/index.php?rest_route=\/wp\/v2\/posts\/8992\/revisions"}],"wp:featuredmedia":[{"embeddable":true,"href":"https:\/\/zamojskahistoria.pl\/index.php?rest_route=\/wp\/v2\/media\/112"}],"wp:attachment":[{"href":"https:\/\/zamojskahistoria.pl\/index.php?rest_route=%2Fwp%2Fv2%2Fmedia&parent=8992"}],"wp:term":[{"taxonomy":"category","embeddable":true,"href":"https:\/\/zamojskahistoria.pl\/index.php?rest_route=%2Fwp%2Fv2%2Fcategories&post=8992"},{"taxonomy":"post_tag","embeddable":true,"href":"https:\/\/zamojskahistoria.pl\/index.php?rest_route=%2Fwp%2Fv2%2Ftags&post=8992"}],"curies":[{"name":"wp","href":"https:\/\/api.w.org\/{rel}","templated":true}]}}