{"id":7242,"date":"2025-01-01T00:00:00","date_gmt":"2024-12-31T23:00:00","guid":{"rendered":"https:\/\/zamojskahistoria.pl\/?p=7242"},"modified":"2025-01-01T00:00:00","modified_gmt":"2024-12-31T23:00:00","slug":"ogrod-jordanowski-w-zamosciu-pocz-l-60-tych-dzieci-z-wychowawczynia-odb-129x78-sygn-88-1178-11775-3-dig","status":"publish","type":"post","link":"https:\/\/zamojskahistoria.pl\/?p=7242","title":{"rendered":"Ogr\u00f3d Jordanowski w Zamo\u015bciu, pocz. l. 60-tych. Dzieci z wychowawczyni\u0105, odb. 129&#215;78 \u2013 sygn. 88.1178.11775.3 dig."},"content":{"rendered":"<p>Ogr\u00f3d Jordanowski w Zamo\u015bciu, pocz. l. 60-tych. Dzieci z wychowawczyni\u0105, odb. 129&#215;78 \u2013 sygn. 88.1178.11775.3 dig.<\/p>\n","protected":false},"excerpt":{"rendered":"<p>Ogr\u00f3d Jordanowski w Zamo\u015bciu, pocz. l. 60-tych. Dzieci z wychowawczyni\u0105, odb. 129&#215;78 \u2013 sygn. 88.1178.11775.3 dig.<\/p>\n","protected":false},"author":1,"featured_media":112,"comment_status":"open","ping_status":"open","sticky":false,"template":"","format":"standard","meta":{"footnotes":""},"categories":[22,51],"tags":[],"class_list":["post-7242","post","type-post","status-publish","format-standard","has-post-thumbnail","hentry","category-fotografie","category-nauka-szkolnictwo"],"_links":{"self":[{"href":"https:\/\/zamojskahistoria.pl\/index.php?rest_route=\/wp\/v2\/posts\/7242","targetHints":{"allow":["GET"]}}],"collection":[{"href":"https:\/\/zamojskahistoria.pl\/index.php?rest_route=\/wp\/v2\/posts"}],"about":[{"href":"https:\/\/zamojskahistoria.pl\/index.php?rest_route=\/wp\/v2\/types\/post"}],"author":[{"embeddable":true,"href":"https:\/\/zamojskahistoria.pl\/index.php?rest_route=\/wp\/v2\/users\/1"}],"replies":[{"embeddable":true,"href":"https:\/\/zamojskahistoria.pl\/index.php?rest_route=%2Fwp%2Fv2%2Fcomments&post=7242"}],"version-history":[{"count":0,"href":"https:\/\/zamojskahistoria.pl\/index.php?rest_route=\/wp\/v2\/posts\/7242\/revisions"}],"wp:featuredmedia":[{"embeddable":true,"href":"https:\/\/zamojskahistoria.pl\/index.php?rest_route=\/wp\/v2\/media\/112"}],"wp:attachment":[{"href":"https:\/\/zamojskahistoria.pl\/index.php?rest_route=%2Fwp%2Fv2%2Fmedia&parent=7242"}],"wp:term":[{"taxonomy":"category","embeddable":true,"href":"https:\/\/zamojskahistoria.pl\/index.php?rest_route=%2Fwp%2Fv2%2Fcategories&post=7242"},{"taxonomy":"post_tag","embeddable":true,"href":"https:\/\/zamojskahistoria.pl\/index.php?rest_route=%2Fwp%2Fv2%2Ftags&post=7242"}],"curies":[{"name":"wp","href":"https:\/\/api.w.org\/{rel}","templated":true}]}}