{"id":7231,"date":"2025-01-01T00:00:00","date_gmt":"2024-12-31T23:00:00","guid":{"rendered":"https:\/\/zamojskahistoria.pl\/?p=7231"},"modified":"2025-01-01T00:00:00","modified_gmt":"2024-12-31T23:00:00","slug":"kolonie-letnie-dla-dzieci-kolonie-ubezpieczalni-spolecznej-fotografia-zbiorowa-na-terenie-palacu-w-krasnobrodzie-dwor-viii-1944-r-odb-132x80-sygn-88-1178-11761-4-dig","status":"publish","type":"post","link":"https:\/\/zamojskahistoria.pl\/?p=7231","title":{"rendered":"Kolonie letnie dla dzieci Kolonie Ubezpieczalni Spo\u0142ecznej &#8211; fotografia zbiorowa na terenie pa\u0142acu w Krasnobrodzie &#8211; dw\u00f3r, VIII 1944 r., odb. 132&#215;80 \u2013 sygn. 88.1178.11761.4 dig."},"content":{"rendered":"<p>Kolonie letnie dla dzieci Kolonie Ubezpieczalni Spo\u0142ecznej &#8211; fotografia zbiorowa na terenie pa\u0142acu w Krasnobrodzie &#8211; dw\u00f3r, VIII 1944 r., odb. 132&#215;80 \u2013 sygn. 88.1178.11761.4 dig.<\/p>\n","protected":false},"excerpt":{"rendered":"<p>Kolonie letnie dla dzieci Kolonie Ubezpieczalni Spo\u0142ecznej &#8211; fotografia zbiorowa na terenie pa\u0142acu w Krasnobrodzie &#8211; dw\u00f3r, VIII 1944 r., odb. 132&#215;80 \u2013 sygn. 88.1178.11761.4 dig.<\/p>\n","protected":false},"author":1,"featured_media":112,"comment_status":"open","ping_status":"open","sticky":false,"template":"","format":"standard","meta":{"footnotes":""},"categories":[22,51],"tags":[],"class_list":["post-7231","post","type-post","status-publish","format-standard","has-post-thumbnail","hentry","category-fotografie","category-nauka-szkolnictwo"],"_links":{"self":[{"href":"https:\/\/zamojskahistoria.pl\/index.php?rest_route=\/wp\/v2\/posts\/7231","targetHints":{"allow":["GET"]}}],"collection":[{"href":"https:\/\/zamojskahistoria.pl\/index.php?rest_route=\/wp\/v2\/posts"}],"about":[{"href":"https:\/\/zamojskahistoria.pl\/index.php?rest_route=\/wp\/v2\/types\/post"}],"author":[{"embeddable":true,"href":"https:\/\/zamojskahistoria.pl\/index.php?rest_route=\/wp\/v2\/users\/1"}],"replies":[{"embeddable":true,"href":"https:\/\/zamojskahistoria.pl\/index.php?rest_route=%2Fwp%2Fv2%2Fcomments&post=7231"}],"version-history":[{"count":0,"href":"https:\/\/zamojskahistoria.pl\/index.php?rest_route=\/wp\/v2\/posts\/7231\/revisions"}],"wp:featuredmedia":[{"embeddable":true,"href":"https:\/\/zamojskahistoria.pl\/index.php?rest_route=\/wp\/v2\/media\/112"}],"wp:attachment":[{"href":"https:\/\/zamojskahistoria.pl\/index.php?rest_route=%2Fwp%2Fv2%2Fmedia&parent=7231"}],"wp:term":[{"taxonomy":"category","embeddable":true,"href":"https:\/\/zamojskahistoria.pl\/index.php?rest_route=%2Fwp%2Fv2%2Fcategories&post=7231"},{"taxonomy":"post_tag","embeddable":true,"href":"https:\/\/zamojskahistoria.pl\/index.php?rest_route=%2Fwp%2Fv2%2Ftags&post=7231"}],"curies":[{"name":"wp","href":"https:\/\/api.w.org\/{rel}","templated":true}]}}