{"id":7227,"date":"2025-01-01T00:00:00","date_gmt":"2024-12-31T23:00:00","guid":{"rendered":"https:\/\/zamojskahistoria.pl\/?p=7227"},"modified":"2025-01-01T00:00:00","modified_gmt":"2024-12-31T23:00:00","slug":"pracownicy-internatu-przy-ul-partyzantow-18-w-srodku-kierownik-bronislaw-tchorzewski-od-lewej-waleria-surmacz-nn-irena-panas-kucharka-lodzia-l-60-te-odb-90x136","status":"publish","type":"post","link":"https:\/\/zamojskahistoria.pl\/?p=7227","title":{"rendered":"Pracownicy internatu przy ul. Partyzant\u00f3w 18 \u2013 w \u015brodku kierownik Bronis\u0142aw Tch\u00f3rzewski od lewej Waleria Surmacz, NN, Irena Panas, kucharka \u201eLodzia\u201d, l. 60-te, odb. 90&#215;136 \u2013 sygn. 88.1178.11751.1 dig."},"content":{"rendered":"<p>Pracownicy internatu przy ul. Partyzant\u00f3w 18 \u2013 w \u015brodku kierownik Bronis\u0142aw Tch\u00f3rzewski od lewej Waleria Surmacz, NN, Irena Panas, kucharka \u201eLodzia\u201d, l. 60-te, odb. 90&#215;136 \u2013 sygn. 88.1178.11751.1 dig.<\/p>\n","protected":false},"excerpt":{"rendered":"<p>Pracownicy internatu przy ul. Partyzant\u00f3w 18 \u2013 w \u015brodku kierownik Bronis\u0142aw Tch\u00f3rzewski od lewej Waleria Surmacz, NN, Irena Panas, kucharka \u201eLodzia\u201d, l. 60-te, odb. 90&#215;136 \u2013 sygn. 88.1178.11751.1 dig.<\/p>\n","protected":false},"author":1,"featured_media":112,"comment_status":"open","ping_status":"open","sticky":false,"template":"","format":"standard","meta":{"footnotes":""},"categories":[22,51],"tags":[],"class_list":["post-7227","post","type-post","status-publish","format-standard","has-post-thumbnail","hentry","category-fotografie","category-nauka-szkolnictwo"],"_links":{"self":[{"href":"https:\/\/zamojskahistoria.pl\/index.php?rest_route=\/wp\/v2\/posts\/7227","targetHints":{"allow":["GET"]}}],"collection":[{"href":"https:\/\/zamojskahistoria.pl\/index.php?rest_route=\/wp\/v2\/posts"}],"about":[{"href":"https:\/\/zamojskahistoria.pl\/index.php?rest_route=\/wp\/v2\/types\/post"}],"author":[{"embeddable":true,"href":"https:\/\/zamojskahistoria.pl\/index.php?rest_route=\/wp\/v2\/users\/1"}],"replies":[{"embeddable":true,"href":"https:\/\/zamojskahistoria.pl\/index.php?rest_route=%2Fwp%2Fv2%2Fcomments&post=7227"}],"version-history":[{"count":0,"href":"https:\/\/zamojskahistoria.pl\/index.php?rest_route=\/wp\/v2\/posts\/7227\/revisions"}],"wp:featuredmedia":[{"embeddable":true,"href":"https:\/\/zamojskahistoria.pl\/index.php?rest_route=\/wp\/v2\/media\/112"}],"wp:attachment":[{"href":"https:\/\/zamojskahistoria.pl\/index.php?rest_route=%2Fwp%2Fv2%2Fmedia&parent=7227"}],"wp:term":[{"taxonomy":"category","embeddable":true,"href":"https:\/\/zamojskahistoria.pl\/index.php?rest_route=%2Fwp%2Fv2%2Fcategories&post=7227"},{"taxonomy":"post_tag","embeddable":true,"href":"https:\/\/zamojskahistoria.pl\/index.php?rest_route=%2Fwp%2Fv2%2Ftags&post=7227"}],"curies":[{"name":"wp","href":"https:\/\/api.w.org\/{rel}","templated":true}]}}