{"id":7226,"date":"2025-01-01T00:00:00","date_gmt":"2024-12-31T23:00:00","guid":{"rendered":"https:\/\/zamojskahistoria.pl\/?p=7226"},"modified":"2025-01-01T00:00:00","modified_gmt":"2024-12-31T23:00:00","slug":"szkola-prywatna-skladnikow-uczennice-przed-gankiem-domu-sobieckich-ul-orlicz-dreszera-30-l-30-te-odb-57x83-sygn-88-1178-11740-1-dig","status":"publish","type":"post","link":"https:\/\/zamojskahistoria.pl\/?p=7226","title":{"rendered":"Szko\u0142a prywatna Sk\u0142adnik\u00f3w Uczennice przed gankiem domu Sobieckich ul. Orlicz-Dreszera 30, l. 30-te, odb. 57&#215;83 \u2013 sygn. 88.1178.11740.1 dig."},"content":{"rendered":"<p>Szko\u0142a prywatna Sk\u0142adnik\u00f3w Uczennice przed gankiem domu Sobieckich ul. Orlicz-Dreszera 30, l. 30-te, odb. 57&#215;83 \u2013 sygn. 88.1178.11740.1 dig.<\/p>\n","protected":false},"excerpt":{"rendered":"<p>Szko\u0142a prywatna Sk\u0142adnik\u00f3w Uczennice przed gankiem domu Sobieckich ul. Orlicz-Dreszera 30, l. 30-te, odb. 57&#215;83 \u2013 sygn. 88.1178.11740.1 dig.<\/p>\n","protected":false},"author":1,"featured_media":112,"comment_status":"open","ping_status":"open","sticky":false,"template":"","format":"standard","meta":{"footnotes":""},"categories":[22,51],"tags":[],"class_list":["post-7226","post","type-post","status-publish","format-standard","has-post-thumbnail","hentry","category-fotografie","category-nauka-szkolnictwo"],"_links":{"self":[{"href":"https:\/\/zamojskahistoria.pl\/index.php?rest_route=\/wp\/v2\/posts\/7226","targetHints":{"allow":["GET"]}}],"collection":[{"href":"https:\/\/zamojskahistoria.pl\/index.php?rest_route=\/wp\/v2\/posts"}],"about":[{"href":"https:\/\/zamojskahistoria.pl\/index.php?rest_route=\/wp\/v2\/types\/post"}],"author":[{"embeddable":true,"href":"https:\/\/zamojskahistoria.pl\/index.php?rest_route=\/wp\/v2\/users\/1"}],"replies":[{"embeddable":true,"href":"https:\/\/zamojskahistoria.pl\/index.php?rest_route=%2Fwp%2Fv2%2Fcomments&post=7226"}],"version-history":[{"count":0,"href":"https:\/\/zamojskahistoria.pl\/index.php?rest_route=\/wp\/v2\/posts\/7226\/revisions"}],"wp:featuredmedia":[{"embeddable":true,"href":"https:\/\/zamojskahistoria.pl\/index.php?rest_route=\/wp\/v2\/media\/112"}],"wp:attachment":[{"href":"https:\/\/zamojskahistoria.pl\/index.php?rest_route=%2Fwp%2Fv2%2Fmedia&parent=7226"}],"wp:term":[{"taxonomy":"category","embeddable":true,"href":"https:\/\/zamojskahistoria.pl\/index.php?rest_route=%2Fwp%2Fv2%2Fcategories&post=7226"},{"taxonomy":"post_tag","embeddable":true,"href":"https:\/\/zamojskahistoria.pl\/index.php?rest_route=%2Fwp%2Fv2%2Ftags&post=7226"}],"curies":[{"name":"wp","href":"https:\/\/api.w.org\/{rel}","templated":true}]}}