{"id":7215,"date":"2025-01-01T00:00:00","date_gmt":"2024-12-31T23:00:00","guid":{"rendered":"https:\/\/zamojskahistoria.pl\/?p=7215"},"modified":"2025-01-01T00:00:00","modified_gmt":"2024-12-31T23:00:00","slug":"przedszkole-nr-2-na-nowym-miescie-pocz-l-60-tych-widok-ogolny-z-dziecmi-odb-kol-125x85-sygn-88-1178-11724-7-brak","status":"publish","type":"post","link":"https:\/\/zamojskahistoria.pl\/?p=7215","title":{"rendered":"Przedszkole nr 2 na Nowym Mie\u015bcie, pocz. l. 60-tych Widok og\u00f3lny z dzie\u0107mi, odb. kol. 125&#215;85 \u2013 sygn. 88.1178.11724.7 brak"},"content":{"rendered":"<p>Przedszkole nr 2 na Nowym Mie\u015bcie, pocz. l. 60-tych Widok og\u00f3lny z dzie\u0107mi, odb. kol. 125&#215;85 \u2013 sygn. 88.1178.11724.7 brak<\/p>\n","protected":false},"excerpt":{"rendered":"<p>Przedszkole nr 2 na Nowym Mie\u015bcie, pocz. l. 60-tych Widok og\u00f3lny z dzie\u0107mi, odb. kol. 125&#215;85 \u2013 sygn. 88.1178.11724.7 brak<\/p>\n","protected":false},"author":1,"featured_media":112,"comment_status":"open","ping_status":"open","sticky":false,"template":"","format":"standard","meta":{"footnotes":""},"categories":[22,51],"tags":[],"class_list":["post-7215","post","type-post","status-publish","format-standard","has-post-thumbnail","hentry","category-fotografie","category-nauka-szkolnictwo"],"_links":{"self":[{"href":"https:\/\/zamojskahistoria.pl\/index.php?rest_route=\/wp\/v2\/posts\/7215","targetHints":{"allow":["GET"]}}],"collection":[{"href":"https:\/\/zamojskahistoria.pl\/index.php?rest_route=\/wp\/v2\/posts"}],"about":[{"href":"https:\/\/zamojskahistoria.pl\/index.php?rest_route=\/wp\/v2\/types\/post"}],"author":[{"embeddable":true,"href":"https:\/\/zamojskahistoria.pl\/index.php?rest_route=\/wp\/v2\/users\/1"}],"replies":[{"embeddable":true,"href":"https:\/\/zamojskahistoria.pl\/index.php?rest_route=%2Fwp%2Fv2%2Fcomments&post=7215"}],"version-history":[{"count":0,"href":"https:\/\/zamojskahistoria.pl\/index.php?rest_route=\/wp\/v2\/posts\/7215\/revisions"}],"wp:featuredmedia":[{"embeddable":true,"href":"https:\/\/zamojskahistoria.pl\/index.php?rest_route=\/wp\/v2\/media\/112"}],"wp:attachment":[{"href":"https:\/\/zamojskahistoria.pl\/index.php?rest_route=%2Fwp%2Fv2%2Fmedia&parent=7215"}],"wp:term":[{"taxonomy":"category","embeddable":true,"href":"https:\/\/zamojskahistoria.pl\/index.php?rest_route=%2Fwp%2Fv2%2Fcategories&post=7215"},{"taxonomy":"post_tag","embeddable":true,"href":"https:\/\/zamojskahistoria.pl\/index.php?rest_route=%2Fwp%2Fv2%2Ftags&post=7215"}],"curies":[{"name":"wp","href":"https:\/\/api.w.org\/{rel}","templated":true}]}}