{"id":599,"date":"2024-12-02T00:00:00","date_gmt":"2024-12-01T23:00:00","guid":{"rendered":"https:\/\/zamojskahistoria.pl\/?p=599"},"modified":"2024-12-02T00:00:00","modified_gmt":"2024-12-01T23:00:00","slug":"prezydent-rp-ignacy-moscicki-w-zamosciu-autor-jan-strzyzowski-oczekiwanie-przy-bramie-w-glebi-brama-do-parku-odb-160x125-sygn-88-1178-02102-3-dig","status":"publish","type":"post","link":"https:\/\/zamojskahistoria.pl\/?p=599","title":{"rendered":"Prezydent RP Ignacy Mo\u015bcicki w Zamo\u015bciu, autor Jan Strzy\u017cowski, Oczekiwanie przy bramie, w g\u0142\u0119bi brama do parku, odb. 160&#215;125 sygn. 88.1178.02102.3 dig."},"content":{"rendered":"<p>Prezydent RP Ignacy Mo\u015bcicki w Zamo\u015bciu, autor Jan Strzy\u017cowski, Oczekiwanie przy bramie, w g\u0142\u0119bi brama do parku, odb. 160&#215;125 sygn. 88.1178.02102.3 dig.; Daty skrajne: 1904-2001<\/p>\n","protected":false},"excerpt":{"rendered":"<p>Prezydent RP Ignacy Mo\u015bcicki w Zamo\u015bciu, autor Jan Strzy\u017cowski, Oczekiwanie przy bramie, w g\u0142\u0119bi brama do parku, odb. 160&#215;125 sygn. 88.1178.02102.3 dig.; Daty skrajne: 1904-2001<\/p>\n","protected":false},"author":1,"featured_media":112,"comment_status":"open","ping_status":"open","sticky":false,"template":"","format":"standard","meta":{"footnotes":""},"categories":[20],"tags":[],"class_list":["post-599","post","type-post","status-publish","format-standard","has-post-thumbnail","hentry","category-zycie-spoleczno-polityczne"],"_links":{"self":[{"href":"https:\/\/zamojskahistoria.pl\/index.php?rest_route=\/wp\/v2\/posts\/599","targetHints":{"allow":["GET"]}}],"collection":[{"href":"https:\/\/zamojskahistoria.pl\/index.php?rest_route=\/wp\/v2\/posts"}],"about":[{"href":"https:\/\/zamojskahistoria.pl\/index.php?rest_route=\/wp\/v2\/types\/post"}],"author":[{"embeddable":true,"href":"https:\/\/zamojskahistoria.pl\/index.php?rest_route=\/wp\/v2\/users\/1"}],"replies":[{"embeddable":true,"href":"https:\/\/zamojskahistoria.pl\/index.php?rest_route=%2Fwp%2Fv2%2Fcomments&post=599"}],"version-history":[{"count":0,"href":"https:\/\/zamojskahistoria.pl\/index.php?rest_route=\/wp\/v2\/posts\/599\/revisions"}],"wp:featuredmedia":[{"embeddable":true,"href":"https:\/\/zamojskahistoria.pl\/index.php?rest_route=\/wp\/v2\/media\/112"}],"wp:attachment":[{"href":"https:\/\/zamojskahistoria.pl\/index.php?rest_route=%2Fwp%2Fv2%2Fmedia&parent=599"}],"wp:term":[{"taxonomy":"category","embeddable":true,"href":"https:\/\/zamojskahistoria.pl\/index.php?rest_route=%2Fwp%2Fv2%2Fcategories&post=599"},{"taxonomy":"post_tag","embeddable":true,"href":"https:\/\/zamojskahistoria.pl\/index.php?rest_route=%2Fwp%2Fv2%2Ftags&post=599"}],"curies":[{"name":"wp","href":"https:\/\/api.w.org\/{rel}","templated":true}]}}