{"id":5228,"date":"2025-01-01T00:00:00","date_gmt":"2024-12-31T23:00:00","guid":{"rendered":"https:\/\/zamojskahistoria.pl\/?p=5228"},"modified":"2025-01-01T00:00:00","modified_gmt":"2024-12-31T23:00:00","slug":"sesja-naukowa-pan-z-okazji-400-lecia-zamoscia-jan-zamoyski-przekazuje-przewodniczacemu-mrn-wladyslawowi-zbylutowi-berlo-akademii-zamojskiej-12-vi-1980-autor-kazimierz-bichler-odb-238x180","status":"publish","type":"post","link":"https:\/\/zamojskahistoria.pl\/?p=5228","title":{"rendered":"Sesja naukowa PAN z okazji 400-lecia Zamo\u015bcia Jan Zamoyski przekazuje przewodnicz\u0105cemu MRN W\u0142adys\u0142awowi Zbylutowi ber\u0142o Akademii Zamojskiej, 12 VI 1980; autor Kazimierz Bichler, odb. 238&#215;180 \u2013 sygn. 88.1178.11102.4 brak"},"content":{"rendered":"<p>Sesja naukowa PAN z okazji 400-lecia Zamo\u015bcia Jan Zamoyski przekazuje przewodnicz\u0105cemu MRN W\u0142adys\u0142awowi Zbylutowi ber\u0142o Akademii Zamojskiej, 12 VI 1980; autor Kazimierz Bichler, odb. 238&#215;180 \u2013 sygn. 88.1178.11102.4 brak<\/p>\n","protected":false},"excerpt":{"rendered":"<p>Sesja naukowa PAN z okazji 400-lecia Zamo\u015bcia Jan Zamoyski przekazuje przewodnicz\u0105cemu MRN W\u0142adys\u0142awowi Zbylutowi ber\u0142o Akademii Zamojskiej, 12 VI 1980; autor Kazimierz Bichler, odb. 238&#215;180 \u2013 sygn. 88.1178.11102.4 brak<\/p>\n","protected":false},"author":1,"featured_media":112,"comment_status":"open","ping_status":"open","sticky":false,"template":"","format":"standard","meta":{"footnotes":""},"categories":[22,51],"tags":[],"class_list":["post-5228","post","type-post","status-publish","format-standard","has-post-thumbnail","hentry","category-fotografie","category-nauka-szkolnictwo"],"_links":{"self":[{"href":"https:\/\/zamojskahistoria.pl\/index.php?rest_route=\/wp\/v2\/posts\/5228","targetHints":{"allow":["GET"]}}],"collection":[{"href":"https:\/\/zamojskahistoria.pl\/index.php?rest_route=\/wp\/v2\/posts"}],"about":[{"href":"https:\/\/zamojskahistoria.pl\/index.php?rest_route=\/wp\/v2\/types\/post"}],"author":[{"embeddable":true,"href":"https:\/\/zamojskahistoria.pl\/index.php?rest_route=\/wp\/v2\/users\/1"}],"replies":[{"embeddable":true,"href":"https:\/\/zamojskahistoria.pl\/index.php?rest_route=%2Fwp%2Fv2%2Fcomments&post=5228"}],"version-history":[{"count":0,"href":"https:\/\/zamojskahistoria.pl\/index.php?rest_route=\/wp\/v2\/posts\/5228\/revisions"}],"wp:featuredmedia":[{"embeddable":true,"href":"https:\/\/zamojskahistoria.pl\/index.php?rest_route=\/wp\/v2\/media\/112"}],"wp:attachment":[{"href":"https:\/\/zamojskahistoria.pl\/index.php?rest_route=%2Fwp%2Fv2%2Fmedia&parent=5228"}],"wp:term":[{"taxonomy":"category","embeddable":true,"href":"https:\/\/zamojskahistoria.pl\/index.php?rest_route=%2Fwp%2Fv2%2Fcategories&post=5228"},{"taxonomy":"post_tag","embeddable":true,"href":"https:\/\/zamojskahistoria.pl\/index.php?rest_route=%2Fwp%2Fv2%2Ftags&post=5228"}],"curies":[{"name":"wp","href":"https:\/\/api.w.org\/{rel}","templated":true}]}}