{"id":5226,"date":"2025-01-01T00:00:00","date_gmt":"2024-12-31T23:00:00","guid":{"rendered":"https:\/\/zamojskahistoria.pl\/?p=5226"},"modified":"2025-01-01T00:00:00","modified_gmt":"2024-12-31T23:00:00","slug":"sesja-naukowa-pan-z-okazji-400-lecia-zamoscia-przemowienie-inauguracyjne-w-sali-urzedu-wojewodzkiego-wyglasza-i-sekretarz-kw-pzpr-ludwik-maznicki-w-glebi-michal-bojarczuk-12-vi-1980-autor-kazimierz","status":"publish","type":"post","link":"https:\/\/zamojskahistoria.pl\/?p=5226","title":{"rendered":"Sesja naukowa PAN z okazji 400-lecia Zamo\u015bcia Przem\u00f3wienie inauguracyjne w sali Urz\u0119du Wojew\u00f3dzkiego wyg\u0142asza I Sekretarz KW PZPR Ludwik Ma\u017anicki, w g\u0142\u0119bi Micha\u0142 Bojarczuk, 12 VI 1980; autor Kazimierz Bichler, odb. 180&#215;238 \u2013 sygn. 88.1178.11102.2 brak"},"content":{"rendered":"<p>Sesja naukowa PAN z okazji 400-lecia Zamo\u015bcia Przem\u00f3wienie inauguracyjne w sali Urz\u0119du Wojew\u00f3dzkiego wyg\u0142asza I Sekretarz KW PZPR Ludwik Ma\u017anicki, w g\u0142\u0119bi Micha\u0142 Bojarczuk, 12 VI 1980; autor Kazimierz Bichler, odb. 180&#215;238 \u2013 sygn. 88.1178.11102.2 brak<\/p>\n","protected":false},"excerpt":{"rendered":"<p>Sesja naukowa PAN z okazji 400-lecia Zamo\u015bcia Przem\u00f3wienie inauguracyjne w sali Urz\u0119du Wojew\u00f3dzkiego wyg\u0142asza I Sekretarz KW PZPR Ludwik Ma\u017anicki, w g\u0142\u0119bi Micha\u0142 Bojarczuk, 12 VI 1980; autor Kazimierz Bichler, odb. 180&#215;238 \u2013 sygn. 88.1178.11102.2 brak<\/p>\n","protected":false},"author":1,"featured_media":112,"comment_status":"open","ping_status":"open","sticky":false,"template":"","format":"standard","meta":{"footnotes":""},"categories":[22,51],"tags":[],"class_list":["post-5226","post","type-post","status-publish","format-standard","has-post-thumbnail","hentry","category-fotografie","category-nauka-szkolnictwo"],"_links":{"self":[{"href":"https:\/\/zamojskahistoria.pl\/index.php?rest_route=\/wp\/v2\/posts\/5226","targetHints":{"allow":["GET"]}}],"collection":[{"href":"https:\/\/zamojskahistoria.pl\/index.php?rest_route=\/wp\/v2\/posts"}],"about":[{"href":"https:\/\/zamojskahistoria.pl\/index.php?rest_route=\/wp\/v2\/types\/post"}],"author":[{"embeddable":true,"href":"https:\/\/zamojskahistoria.pl\/index.php?rest_route=\/wp\/v2\/users\/1"}],"replies":[{"embeddable":true,"href":"https:\/\/zamojskahistoria.pl\/index.php?rest_route=%2Fwp%2Fv2%2Fcomments&post=5226"}],"version-history":[{"count":0,"href":"https:\/\/zamojskahistoria.pl\/index.php?rest_route=\/wp\/v2\/posts\/5226\/revisions"}],"wp:featuredmedia":[{"embeddable":true,"href":"https:\/\/zamojskahistoria.pl\/index.php?rest_route=\/wp\/v2\/media\/112"}],"wp:attachment":[{"href":"https:\/\/zamojskahistoria.pl\/index.php?rest_route=%2Fwp%2Fv2%2Fmedia&parent=5226"}],"wp:term":[{"taxonomy":"category","embeddable":true,"href":"https:\/\/zamojskahistoria.pl\/index.php?rest_route=%2Fwp%2Fv2%2Fcategories&post=5226"},{"taxonomy":"post_tag","embeddable":true,"href":"https:\/\/zamojskahistoria.pl\/index.php?rest_route=%2Fwp%2Fv2%2Ftags&post=5226"}],"curies":[{"name":"wp","href":"https:\/\/api.w.org\/{rel}","templated":true}]}}