{"id":5224,"date":"2025-01-01T00:00:00","date_gmt":"2024-12-31T23:00:00","guid":{"rendered":"https:\/\/zamojskahistoria.pl\/?p=5224"},"modified":"2025-01-01T00:00:00","modified_gmt":"2024-12-31T23:00:00","slug":"zjazd-naukowy-im-szymona-szymonowica-zamosc-28-29-ix-1929-autor-wg-odcisku-jan-strzyzowski-zamosc-obrady-na-dziedzincu-przy-stole-prezydialnym-z-klukowski-odb-232x174","status":"publish","type":"post","link":"https:\/\/zamojskahistoria.pl\/?p=5224","title":{"rendered":"Zjazd Naukowy im. Szymona Szymonowica, Zamo\u015b\u0107, 28-29 IX 1929; autor wg odcisku \u201eJan Strzy\u017cowski Zamo\u015b\u0107\u201d, Obrady na dziedzi\u0144cu, przy stole prezydialnym Z. Klukowski odb. 232&#215;174 \u2013 sygn. 88.1178.11101.3 dig."},"content":{"rendered":"<p>Zjazd Naukowy im. Szymona Szymonowica, Zamo\u015b\u0107, 28-29 IX 1929; autor wg odcisku \u201eJan Strzy\u017cowski Zamo\u015b\u0107\u201d, Obrady na dziedzi\u0144cu, przy stole prezydialnym Z. Klukowski odb. 232&#215;174 \u2013 sygn. 88.1178.11101.3 dig.<\/p>\n","protected":false},"excerpt":{"rendered":"<p>Zjazd Naukowy im. Szymona Szymonowica, Zamo\u015b\u0107, 28-29 IX 1929; autor wg odcisku \u201eJan Strzy\u017cowski Zamo\u015b\u0107\u201d, Obrady na dziedzi\u0144cu, przy stole prezydialnym Z. Klukowski odb. 232&#215;174 \u2013 sygn. 88.1178.11101.3 dig.<\/p>\n","protected":false},"author":1,"featured_media":112,"comment_status":"open","ping_status":"open","sticky":false,"template":"","format":"standard","meta":{"footnotes":""},"categories":[22,51],"tags":[],"class_list":["post-5224","post","type-post","status-publish","format-standard","has-post-thumbnail","hentry","category-fotografie","category-nauka-szkolnictwo"],"_links":{"self":[{"href":"https:\/\/zamojskahistoria.pl\/index.php?rest_route=\/wp\/v2\/posts\/5224","targetHints":{"allow":["GET"]}}],"collection":[{"href":"https:\/\/zamojskahistoria.pl\/index.php?rest_route=\/wp\/v2\/posts"}],"about":[{"href":"https:\/\/zamojskahistoria.pl\/index.php?rest_route=\/wp\/v2\/types\/post"}],"author":[{"embeddable":true,"href":"https:\/\/zamojskahistoria.pl\/index.php?rest_route=\/wp\/v2\/users\/1"}],"replies":[{"embeddable":true,"href":"https:\/\/zamojskahistoria.pl\/index.php?rest_route=%2Fwp%2Fv2%2Fcomments&post=5224"}],"version-history":[{"count":0,"href":"https:\/\/zamojskahistoria.pl\/index.php?rest_route=\/wp\/v2\/posts\/5224\/revisions"}],"wp:featuredmedia":[{"embeddable":true,"href":"https:\/\/zamojskahistoria.pl\/index.php?rest_route=\/wp\/v2\/media\/112"}],"wp:attachment":[{"href":"https:\/\/zamojskahistoria.pl\/index.php?rest_route=%2Fwp%2Fv2%2Fmedia&parent=5224"}],"wp:term":[{"taxonomy":"category","embeddable":true,"href":"https:\/\/zamojskahistoria.pl\/index.php?rest_route=%2Fwp%2Fv2%2Fcategories&post=5224"},{"taxonomy":"post_tag","embeddable":true,"href":"https:\/\/zamojskahistoria.pl\/index.php?rest_route=%2Fwp%2Fv2%2Ftags&post=5224"}],"curies":[{"name":"wp","href":"https:\/\/api.w.org\/{rel}","templated":true}]}}