{"id":4803,"date":"2024-12-30T00:00:00","date_gmt":"2024-12-29T23:00:00","guid":{"rendered":"https:\/\/zamojskahistoria.pl\/?p=4803"},"modified":"2024-12-30T00:00:00","modified_gmt":"2024-12-29T23:00:00","slug":"szpital-powiatowy-budowa-obiektu-w-ktorym-znalazla-sie-kancelaria-i-rentgen-ob-oddzial-laryngologiczny-zamosc-1934-1935-autor-nn-odbior-budynku-przed-wejsciem-od-lewej-trzeci-ks-fra","status":"publish","type":"post","link":"https:\/\/zamojskahistoria.pl\/?p=4803","title":{"rendered":"Szpital Powiatowy \u2013 budowa obiektu, w kt\u00f3rym znalaz\u0142a si\u0119 kancelaria i rentgen, ob. oddzia\u0142 laryngologiczny, Zamo\u015b\u0107, 1934-1935; autor NN, Odbi\u00f3r budynku, przed wej\u015bciem od lewej trzeci ks. Franciszek Zawisza, 5-ty Stanis\u0142aw Kulesza, 6-ty Leon Zamecznik starosta, 8-my Stanislaw Branicki, 9-ty Boles\u0142aw Bogucki, 14-ty Micha\u0142 Nowacki burmistrz, czerwiec 1935; odb. 165&#215;120 \u2013 sygn. 88.1178.10102.2 dig."},"content":{"rendered":"<p>Szpital Powiatowy \u2013 budowa obiektu, w kt\u00f3rym znalaz\u0142a si\u0119 kancelaria i rentgen, ob. oddzia\u0142 laryngologiczny, Zamo\u015b\u0107, 1934-1935; autor NN, Odbi\u00f3r budynku, przed wej\u015bciem od lewej trzeci ks. Franciszek Zawisza, 5-ty Stanis\u0142aw Kulesza, 6-ty Leon Zamecznik starosta, 8-my Stanislaw Branicki, 9-ty Boles\u0142aw Bogucki, 14-ty Micha\u0142 Nowacki burmistrz, czerwiec 1935; odb. 165&#215;120 \u2013 sygn. 88.1178.10102.2 dig.<\/p>\n","protected":false},"excerpt":{"rendered":"<p>Szpital Powiatowy \u2013 budowa obiektu, w kt\u00f3rym znalaz\u0142a si\u0119 kancelaria i rentgen, ob. oddzia\u0142 laryngologiczny, Zamo\u015b\u0107, 1934-1935; autor NN, Odbi\u00f3r budynku, przed wej\u015bciem od lewej trzeci ks. Franciszek Zawisza, 5-ty Stanis\u0142aw Kulesza, 6-ty Leon Zamecznik starosta, 8-my Stanislaw Branicki, 9-ty Boles\u0142aw Bogucki, 14-ty Micha\u0142 Nowacki burmistrz, czerwiec 1935; odb. 165&#215;120 \u2013 sygn. 88.1178.10102.2 dig.<\/p>\n","protected":false},"author":1,"featured_media":112,"comment_status":"open","ping_status":"open","sticky":false,"template":"","format":"standard","meta":{"footnotes":""},"categories":[22,50],"tags":[],"class_list":["post-4803","post","type-post","status-publish","format-standard","has-post-thumbnail","hentry","category-fotografie","category-zdrowie"],"_links":{"self":[{"href":"https:\/\/zamojskahistoria.pl\/index.php?rest_route=\/wp\/v2\/posts\/4803","targetHints":{"allow":["GET"]}}],"collection":[{"href":"https:\/\/zamojskahistoria.pl\/index.php?rest_route=\/wp\/v2\/posts"}],"about":[{"href":"https:\/\/zamojskahistoria.pl\/index.php?rest_route=\/wp\/v2\/types\/post"}],"author":[{"embeddable":true,"href":"https:\/\/zamojskahistoria.pl\/index.php?rest_route=\/wp\/v2\/users\/1"}],"replies":[{"embeddable":true,"href":"https:\/\/zamojskahistoria.pl\/index.php?rest_route=%2Fwp%2Fv2%2Fcomments&post=4803"}],"version-history":[{"count":0,"href":"https:\/\/zamojskahistoria.pl\/index.php?rest_route=\/wp\/v2\/posts\/4803\/revisions"}],"wp:featuredmedia":[{"embeddable":true,"href":"https:\/\/zamojskahistoria.pl\/index.php?rest_route=\/wp\/v2\/media\/112"}],"wp:attachment":[{"href":"https:\/\/zamojskahistoria.pl\/index.php?rest_route=%2Fwp%2Fv2%2Fmedia&parent=4803"}],"wp:term":[{"taxonomy":"category","embeddable":true,"href":"https:\/\/zamojskahistoria.pl\/index.php?rest_route=%2Fwp%2Fv2%2Fcategories&post=4803"},{"taxonomy":"post_tag","embeddable":true,"href":"https:\/\/zamojskahistoria.pl\/index.php?rest_route=%2Fwp%2Fv2%2Ftags&post=4803"}],"curies":[{"name":"wp","href":"https:\/\/api.w.org\/{rel}","templated":true}]}}