{"id":4628,"date":"2024-12-31T00:00:00","date_gmt":"2024-12-30T23:00:00","guid":{"rendered":"https:\/\/zamojskahistoria.pl\/?p=4628"},"modified":"2024-12-31T00:00:00","modified_gmt":"2024-12-30T23:00:00","slug":"budowa-drog-na-wsi-otwarcie-drogi-do-glinisk-na-zdjeciu-ks-mieczyslaw-michalski-i-wojewoda-boleslaw-didyk-ujecie-i-1987-autor-nn-odb-128x82-sygn-88-1178-09380-1-brak","status":"publish","type":"post","link":"https:\/\/zamojskahistoria.pl\/?p=4628","title":{"rendered":"Budowa dr\u00f3g na wsi Otwarcie drogi do Glinisk, na zdj\u0119ciu ks. Mieczys\u0142aw Michalski i wojewoda Boles\u0142aw Didyk, uj\u0119cie I, 1987, autor NN, odb. 128&#215;82\u2013 sygn. 88.1178.09380.1 brak"},"content":{"rendered":"<p>Budowa dr\u00f3g na wsi Otwarcie drogi do Glinisk, na zdj\u0119ciu ks. Mieczys\u0142aw Michalski i wojewoda Boles\u0142aw Didyk, uj\u0119cie I, 1987, autor NN, odb. 128&#215;82\u2013 sygn. 88.1178.09380.1 brak<\/p>\n","protected":false},"excerpt":{"rendered":"<p>Budowa dr\u00f3g na wsi Otwarcie drogi do Glinisk, na zdj\u0119ciu ks. Mieczys\u0142aw Michalski i wojewoda Boles\u0142aw Didyk, uj\u0119cie I, 1987, autor NN, odb. 128&#215;82\u2013 sygn. 88.1178.09380.1 brak<\/p>\n","protected":false},"author":1,"featured_media":112,"comment_status":"open","ping_status":"open","sticky":false,"template":"","format":"standard","meta":{"footnotes":""},"categories":[22,49],"tags":[],"class_list":["post-4628","post","type-post","status-publish","format-standard","has-post-thumbnail","hentry","category-fotografie","category-komunikacja-gospodarka-komunalna-i-mieszkaniowe"],"_links":{"self":[{"href":"https:\/\/zamojskahistoria.pl\/index.php?rest_route=\/wp\/v2\/posts\/4628","targetHints":{"allow":["GET"]}}],"collection":[{"href":"https:\/\/zamojskahistoria.pl\/index.php?rest_route=\/wp\/v2\/posts"}],"about":[{"href":"https:\/\/zamojskahistoria.pl\/index.php?rest_route=\/wp\/v2\/types\/post"}],"author":[{"embeddable":true,"href":"https:\/\/zamojskahistoria.pl\/index.php?rest_route=\/wp\/v2\/users\/1"}],"replies":[{"embeddable":true,"href":"https:\/\/zamojskahistoria.pl\/index.php?rest_route=%2Fwp%2Fv2%2Fcomments&post=4628"}],"version-history":[{"count":0,"href":"https:\/\/zamojskahistoria.pl\/index.php?rest_route=\/wp\/v2\/posts\/4628\/revisions"}],"wp:featuredmedia":[{"embeddable":true,"href":"https:\/\/zamojskahistoria.pl\/index.php?rest_route=\/wp\/v2\/media\/112"}],"wp:attachment":[{"href":"https:\/\/zamojskahistoria.pl\/index.php?rest_route=%2Fwp%2Fv2%2Fmedia&parent=4628"}],"wp:term":[{"taxonomy":"category","embeddable":true,"href":"https:\/\/zamojskahistoria.pl\/index.php?rest_route=%2Fwp%2Fv2%2Fcategories&post=4628"},{"taxonomy":"post_tag","embeddable":true,"href":"https:\/\/zamojskahistoria.pl\/index.php?rest_route=%2Fwp%2Fv2%2Ftags&post=4628"}],"curies":[{"name":"wp","href":"https:\/\/api.w.org\/{rel}","templated":true}]}}