{"id":4613,"date":"2024-12-31T00:00:00","date_gmt":"2024-12-30T23:00:00","guid":{"rendered":"https:\/\/zamojskahistoria.pl\/?p=4613"},"modified":"2024-12-31T00:00:00","modified_gmt":"2024-12-30T23:00:00","slug":"oczyszczalnia-sciekow-wspolczesna-l-90-tych-zbiornik-wodny-autor-jerzy-cabaj-odb-190x90-sygn-88-1178-09331-4-brak","status":"publish","type":"post","link":"https:\/\/zamojskahistoria.pl\/?p=4613","title":{"rendered":"Oczyszczalnia \u015bciek\u00f3w, wsp\u00f3\u0142czesna, l. 90-tych Zbiornik wodny, autor Jerzy Cabaj, odb. 190&#215;90 \u2013 sygn. 88.1178.09331.4 brak"},"content":{"rendered":"<p>Oczyszczalnia \u015bciek\u00f3w, wsp\u00f3\u0142czesna, l. 90-tych Zbiornik wodny, autor Jerzy Cabaj, odb. 190&#215;90 \u2013 sygn. 88.1178.09331.4 brak<\/p>\n","protected":false},"excerpt":{"rendered":"<p>Oczyszczalnia \u015bciek\u00f3w, wsp\u00f3\u0142czesna, l. 90-tych Zbiornik wodny, autor Jerzy Cabaj, odb. 190&#215;90 \u2013 sygn. 88.1178.09331.4 brak<\/p>\n","protected":false},"author":1,"featured_media":112,"comment_status":"open","ping_status":"open","sticky":false,"template":"","format":"standard","meta":{"footnotes":""},"categories":[22,49],"tags":[],"class_list":["post-4613","post","type-post","status-publish","format-standard","has-post-thumbnail","hentry","category-fotografie","category-komunikacja-gospodarka-komunalna-i-mieszkaniowe"],"_links":{"self":[{"href":"https:\/\/zamojskahistoria.pl\/index.php?rest_route=\/wp\/v2\/posts\/4613","targetHints":{"allow":["GET"]}}],"collection":[{"href":"https:\/\/zamojskahistoria.pl\/index.php?rest_route=\/wp\/v2\/posts"}],"about":[{"href":"https:\/\/zamojskahistoria.pl\/index.php?rest_route=\/wp\/v2\/types\/post"}],"author":[{"embeddable":true,"href":"https:\/\/zamojskahistoria.pl\/index.php?rest_route=\/wp\/v2\/users\/1"}],"replies":[{"embeddable":true,"href":"https:\/\/zamojskahistoria.pl\/index.php?rest_route=%2Fwp%2Fv2%2Fcomments&post=4613"}],"version-history":[{"count":0,"href":"https:\/\/zamojskahistoria.pl\/index.php?rest_route=\/wp\/v2\/posts\/4613\/revisions"}],"wp:featuredmedia":[{"embeddable":true,"href":"https:\/\/zamojskahistoria.pl\/index.php?rest_route=\/wp\/v2\/media\/112"}],"wp:attachment":[{"href":"https:\/\/zamojskahistoria.pl\/index.php?rest_route=%2Fwp%2Fv2%2Fmedia&parent=4613"}],"wp:term":[{"taxonomy":"category","embeddable":true,"href":"https:\/\/zamojskahistoria.pl\/index.php?rest_route=%2Fwp%2Fv2%2Fcategories&post=4613"},{"taxonomy":"post_tag","embeddable":true,"href":"https:\/\/zamojskahistoria.pl\/index.php?rest_route=%2Fwp%2Fv2%2Ftags&post=4613"}],"curies":[{"name":"wp","href":"https:\/\/api.w.org\/{rel}","templated":true}]}}