{"id":4601,"date":"2024-12-31T00:00:00","date_gmt":"2024-12-30T23:00:00","guid":{"rendered":"https:\/\/zamojskahistoria.pl\/?p=4601"},"modified":"2024-12-31T00:00:00","modified_gmt":"2024-12-30T23:00:00","slug":"bauhof-przy-ul-szczebrzeskiej-w-zamosciu-niemiecki-zaklad-komunalny-ob-zespol-szkol-mechanicznych-5-v-1943-maszyna-drogowa-parowa-po-d-bauhofie-uczniowie-psp-xi-1949-r-odb-55x45","status":"publish","type":"post","link":"https:\/\/zamojskahistoria.pl\/?p=4601","title":{"rendered":"Bauhof przy ul. Szczebrzeskiej w Zamo\u015bciu, niemiecki zak\u0142ad komunalny, ob. zesp\u00f3\u0142 szk\u00f3\u0142 mechanicznych, 5 V 1943 Maszyna drogowa \u2013 parowa, po d. bauhofie, uczniowie PSP, XI 1949 r., odb. 55&#215;45 \u2013 sygn. 88.1178.09316.5 dig."},"content":{"rendered":"<p>Bauhof przy ul. Szczebrzeskiej w Zamo\u015bciu, niemiecki zak\u0142ad komunalny, ob. zesp\u00f3\u0142 szk\u00f3\u0142 mechanicznych, 5 V 1943 Maszyna drogowa \u2013 parowa, po d. bauhofie, uczniowie PSP, XI 1949 r., odb. 55&#215;45 \u2013 sygn. 88.1178.09316.5 dig.<\/p>\n","protected":false},"excerpt":{"rendered":"<p>Bauhof przy ul. Szczebrzeskiej w Zamo\u015bciu, niemiecki zak\u0142ad komunalny, ob. zesp\u00f3\u0142 szk\u00f3\u0142 mechanicznych, 5 V 1943 Maszyna drogowa \u2013 parowa, po d. bauhofie, uczniowie PSP, XI 1949 r., odb. 55&#215;45 \u2013 sygn. 88.1178.09316.5 dig.<\/p>\n","protected":false},"author":1,"featured_media":112,"comment_status":"open","ping_status":"open","sticky":false,"template":"","format":"standard","meta":{"footnotes":""},"categories":[22,49],"tags":[],"class_list":["post-4601","post","type-post","status-publish","format-standard","has-post-thumbnail","hentry","category-fotografie","category-komunikacja-gospodarka-komunalna-i-mieszkaniowe"],"_links":{"self":[{"href":"https:\/\/zamojskahistoria.pl\/index.php?rest_route=\/wp\/v2\/posts\/4601","targetHints":{"allow":["GET"]}}],"collection":[{"href":"https:\/\/zamojskahistoria.pl\/index.php?rest_route=\/wp\/v2\/posts"}],"about":[{"href":"https:\/\/zamojskahistoria.pl\/index.php?rest_route=\/wp\/v2\/types\/post"}],"author":[{"embeddable":true,"href":"https:\/\/zamojskahistoria.pl\/index.php?rest_route=\/wp\/v2\/users\/1"}],"replies":[{"embeddable":true,"href":"https:\/\/zamojskahistoria.pl\/index.php?rest_route=%2Fwp%2Fv2%2Fcomments&post=4601"}],"version-history":[{"count":0,"href":"https:\/\/zamojskahistoria.pl\/index.php?rest_route=\/wp\/v2\/posts\/4601\/revisions"}],"wp:featuredmedia":[{"embeddable":true,"href":"https:\/\/zamojskahistoria.pl\/index.php?rest_route=\/wp\/v2\/media\/112"}],"wp:attachment":[{"href":"https:\/\/zamojskahistoria.pl\/index.php?rest_route=%2Fwp%2Fv2%2Fmedia&parent=4601"}],"wp:term":[{"taxonomy":"category","embeddable":true,"href":"https:\/\/zamojskahistoria.pl\/index.php?rest_route=%2Fwp%2Fv2%2Fcategories&post=4601"},{"taxonomy":"post_tag","embeddable":true,"href":"https:\/\/zamojskahistoria.pl\/index.php?rest_route=%2Fwp%2Fv2%2Ftags&post=4601"}],"curies":[{"name":"wp","href":"https:\/\/api.w.org\/{rel}","templated":true}]}}