{"id":4599,"date":"2024-12-31T00:00:00","date_gmt":"2024-12-30T23:00:00","guid":{"rendered":"https:\/\/zamojskahistoria.pl\/?p=4599"},"modified":"2024-12-31T00:00:00","modified_gmt":"2024-12-30T23:00:00","slug":"bauhof-przy-ul-szczebrzeskiej-w-zamosciu-niemiecki-zaklad-komunalny-ob-zespol-szkol-mechanicznych-5-v-1943-pracownicy-polscy-na-dziedzincu-przy-samochodzie-osobowym-iii-odb-80x53-sygn","status":"publish","type":"post","link":"https:\/\/zamojskahistoria.pl\/?p=4599","title":{"rendered":"Bauhof przy ul. Szczebrzeskiej w Zamo\u015bciu, niemiecki zak\u0142ad komunalny, ob. zesp\u00f3\u0142 szk\u00f3\u0142 mechanicznych, 5 V 1943 Pracownicy polscy na dziedzi\u0144cu przy samochodzie osobowym III, odb. 80&#215;53 \u2013 sygn. 88.1178.09316.3 dig."},"content":{"rendered":"<p>Bauhof przy ul. Szczebrzeskiej w Zamo\u015bciu, niemiecki zak\u0142ad komunalny, ob. zesp\u00f3\u0142 szk\u00f3\u0142 mechanicznych, 5 V 1943 Pracownicy polscy na dziedzi\u0144cu przy samochodzie osobowym III, odb. 80&#215;53 \u2013 sygn. 88.1178.09316.3 dig.<\/p>\n","protected":false},"excerpt":{"rendered":"<p>Bauhof przy ul. Szczebrzeskiej w Zamo\u015bciu, niemiecki zak\u0142ad komunalny, ob. zesp\u00f3\u0142 szk\u00f3\u0142 mechanicznych, 5 V 1943 Pracownicy polscy na dziedzi\u0144cu przy samochodzie osobowym III, odb. 80&#215;53 \u2013 sygn. 88.1178.09316.3 dig.<\/p>\n","protected":false},"author":1,"featured_media":112,"comment_status":"open","ping_status":"open","sticky":false,"template":"","format":"standard","meta":{"footnotes":""},"categories":[22,49],"tags":[],"class_list":["post-4599","post","type-post","status-publish","format-standard","has-post-thumbnail","hentry","category-fotografie","category-komunikacja-gospodarka-komunalna-i-mieszkaniowe"],"_links":{"self":[{"href":"https:\/\/zamojskahistoria.pl\/index.php?rest_route=\/wp\/v2\/posts\/4599","targetHints":{"allow":["GET"]}}],"collection":[{"href":"https:\/\/zamojskahistoria.pl\/index.php?rest_route=\/wp\/v2\/posts"}],"about":[{"href":"https:\/\/zamojskahistoria.pl\/index.php?rest_route=\/wp\/v2\/types\/post"}],"author":[{"embeddable":true,"href":"https:\/\/zamojskahistoria.pl\/index.php?rest_route=\/wp\/v2\/users\/1"}],"replies":[{"embeddable":true,"href":"https:\/\/zamojskahistoria.pl\/index.php?rest_route=%2Fwp%2Fv2%2Fcomments&post=4599"}],"version-history":[{"count":0,"href":"https:\/\/zamojskahistoria.pl\/index.php?rest_route=\/wp\/v2\/posts\/4599\/revisions"}],"wp:featuredmedia":[{"embeddable":true,"href":"https:\/\/zamojskahistoria.pl\/index.php?rest_route=\/wp\/v2\/media\/112"}],"wp:attachment":[{"href":"https:\/\/zamojskahistoria.pl\/index.php?rest_route=%2Fwp%2Fv2%2Fmedia&parent=4599"}],"wp:term":[{"taxonomy":"category","embeddable":true,"href":"https:\/\/zamojskahistoria.pl\/index.php?rest_route=%2Fwp%2Fv2%2Fcategories&post=4599"},{"taxonomy":"post_tag","embeddable":true,"href":"https:\/\/zamojskahistoria.pl\/index.php?rest_route=%2Fwp%2Fv2%2Ftags&post=4599"}],"curies":[{"name":"wp","href":"https:\/\/api.w.org\/{rel}","templated":true}]}}