{"id":4398,"date":"2024-12-31T00:00:00","date_gmt":"2024-12-30T23:00:00","guid":{"rendered":"https:\/\/zamojskahistoria.pl\/?p=4398"},"modified":"2024-12-31T00:00:00","modified_gmt":"2024-12-30T23:00:00","slug":"dorozka-sanie-nr-56-stas-czernicki-na-nartach-woznica-wladyslaw-odb-80x54-sygn-88-1178-09201-4-dig","status":"publish","type":"post","link":"https:\/\/zamojskahistoria.pl\/?p=4398","title":{"rendered":"Doro\u017cka \u2013 sanie nr 56, Sta\u015b Czernicki na nartach, wo\u017anica W\u0142adys\u0142aw, odb. 80&#215;54 \u2013 sygn. 88.1178.09201.4 dig."},"content":{"rendered":"<p>Doro\u017cka \u2013 sanie nr 56, Sta\u015b Czernicki na nartach, wo\u017anica W\u0142adys\u0142aw, odb. 80&#215;54 \u2013 sygn. 88.1178.09201.4 dig.<\/p>\n","protected":false},"excerpt":{"rendered":"<p>Doro\u017cka \u2013 sanie nr 56, Sta\u015b Czernicki na nartach, wo\u017anica W\u0142adys\u0142aw, odb. 80&#215;54 \u2013 sygn. 88.1178.09201.4 dig.<\/p>\n","protected":false},"author":1,"featured_media":112,"comment_status":"open","ping_status":"open","sticky":false,"template":"","format":"standard","meta":{"footnotes":""},"categories":[22,49],"tags":[],"class_list":["post-4398","post","type-post","status-publish","format-standard","has-post-thumbnail","hentry","category-fotografie","category-komunikacja-gospodarka-komunalna-i-mieszkaniowe"],"_links":{"self":[{"href":"https:\/\/zamojskahistoria.pl\/index.php?rest_route=\/wp\/v2\/posts\/4398","targetHints":{"allow":["GET"]}}],"collection":[{"href":"https:\/\/zamojskahistoria.pl\/index.php?rest_route=\/wp\/v2\/posts"}],"about":[{"href":"https:\/\/zamojskahistoria.pl\/index.php?rest_route=\/wp\/v2\/types\/post"}],"author":[{"embeddable":true,"href":"https:\/\/zamojskahistoria.pl\/index.php?rest_route=\/wp\/v2\/users\/1"}],"replies":[{"embeddable":true,"href":"https:\/\/zamojskahistoria.pl\/index.php?rest_route=%2Fwp%2Fv2%2Fcomments&post=4398"}],"version-history":[{"count":0,"href":"https:\/\/zamojskahistoria.pl\/index.php?rest_route=\/wp\/v2\/posts\/4398\/revisions"}],"wp:featuredmedia":[{"embeddable":true,"href":"https:\/\/zamojskahistoria.pl\/index.php?rest_route=\/wp\/v2\/media\/112"}],"wp:attachment":[{"href":"https:\/\/zamojskahistoria.pl\/index.php?rest_route=%2Fwp%2Fv2%2Fmedia&parent=4398"}],"wp:term":[{"taxonomy":"category","embeddable":true,"href":"https:\/\/zamojskahistoria.pl\/index.php?rest_route=%2Fwp%2Fv2%2Fcategories&post=4398"},{"taxonomy":"post_tag","embeddable":true,"href":"https:\/\/zamojskahistoria.pl\/index.php?rest_route=%2Fwp%2Fv2%2Ftags&post=4398"}],"curies":[{"name":"wp","href":"https:\/\/api.w.org\/{rel}","templated":true}]}}