{"id":4397,"date":"2024-12-31T00:00:00","date_gmt":"2024-12-30T23:00:00","guid":{"rendered":"https:\/\/zamojskahistoria.pl\/?p=4397"},"modified":"2024-12-31T00:00:00","modified_gmt":"2024-12-30T23:00:00","slug":"postoj-dorozek-przy-ul-lukasinskiego-neg-0005-1-sygn-88-1178-09201-3-dig","status":"publish","type":"post","link":"https:\/\/zamojskahistoria.pl\/?p=4397","title":{"rendered":"Post\u00f3j doro\u017cek przy ul. \u0141ukasi\u0144skiego; neg. 0005.1 \u2013 sygn. 88.1178.09201.3 dig."},"content":{"rendered":"<p>Post\u00f3j doro\u017cek przy ul. \u0141ukasi\u0144skiego; neg. 0005.1 \u2013 sygn. 88.1178.09201.3 dig.<\/p>\n","protected":false},"excerpt":{"rendered":"<p>Post\u00f3j doro\u017cek przy ul. \u0141ukasi\u0144skiego; neg. 0005.1 \u2013 sygn. 88.1178.09201.3 dig.<\/p>\n","protected":false},"author":1,"featured_media":112,"comment_status":"open","ping_status":"open","sticky":false,"template":"","format":"standard","meta":{"footnotes":""},"categories":[22,49],"tags":[],"class_list":["post-4397","post","type-post","status-publish","format-standard","has-post-thumbnail","hentry","category-fotografie","category-komunikacja-gospodarka-komunalna-i-mieszkaniowe"],"_links":{"self":[{"href":"https:\/\/zamojskahistoria.pl\/index.php?rest_route=\/wp\/v2\/posts\/4397","targetHints":{"allow":["GET"]}}],"collection":[{"href":"https:\/\/zamojskahistoria.pl\/index.php?rest_route=\/wp\/v2\/posts"}],"about":[{"href":"https:\/\/zamojskahistoria.pl\/index.php?rest_route=\/wp\/v2\/types\/post"}],"author":[{"embeddable":true,"href":"https:\/\/zamojskahistoria.pl\/index.php?rest_route=\/wp\/v2\/users\/1"}],"replies":[{"embeddable":true,"href":"https:\/\/zamojskahistoria.pl\/index.php?rest_route=%2Fwp%2Fv2%2Fcomments&post=4397"}],"version-history":[{"count":0,"href":"https:\/\/zamojskahistoria.pl\/index.php?rest_route=\/wp\/v2\/posts\/4397\/revisions"}],"wp:featuredmedia":[{"embeddable":true,"href":"https:\/\/zamojskahistoria.pl\/index.php?rest_route=\/wp\/v2\/media\/112"}],"wp:attachment":[{"href":"https:\/\/zamojskahistoria.pl\/index.php?rest_route=%2Fwp%2Fv2%2Fmedia&parent=4397"}],"wp:term":[{"taxonomy":"category","embeddable":true,"href":"https:\/\/zamojskahistoria.pl\/index.php?rest_route=%2Fwp%2Fv2%2Fcategories&post=4397"},{"taxonomy":"post_tag","embeddable":true,"href":"https:\/\/zamojskahistoria.pl\/index.php?rest_route=%2Fwp%2Fv2%2Ftags&post=4397"}],"curies":[{"name":"wp","href":"https:\/\/api.w.org\/{rel}","templated":true}]}}