{"id":4368,"date":"2024-12-31T00:00:00","date_gmt":"2024-12-30T23:00:00","guid":{"rendered":"https:\/\/zamojskahistoria.pl\/?p=4368"},"modified":"2024-12-31T00:00:00","modified_gmt":"2024-12-30T23:00:00","slug":"pozegnania-na-dworcu-maryla-czernicka-zona-tomasza-sylwia-i-irena-corki-edwarda-edward-i-tomasz-bracia-leona-pociag-wlodzimierz-zawada-l-30-te-82x55-sygn-88-1178","status":"publish","type":"post","link":"https:\/\/zamojskahistoria.pl\/?p=4368","title":{"rendered":"Po\u017cegnania na dworcu Maryla Czernicka zona Tomasza, Sylwia i Irena \u2013 c\u00f3rki Edwarda, Edward i Tomasz &#8211; bracia Leona, poci\u0105g W\u0142odzimierz \u2013 Zawada, l. 30-te, 82&#215;55 \u2013 sygn. 88.1178.09121.5 dig."},"content":{"rendered":"<p>Po\u017cegnania na dworcu Maryla Czernicka zona Tomasza, Sylwia i Irena \u2013 c\u00f3rki Edwarda, Edward i Tomasz &#8211; bracia Leona, poci\u0105g W\u0142odzimierz \u2013 Zawada, l. 30-te, 82&#215;55 \u2013 sygn. 88.1178.09121.5 dig.<\/p>\n","protected":false},"excerpt":{"rendered":"<p>Po\u017cegnania na dworcu Maryla Czernicka zona Tomasza, Sylwia i Irena \u2013 c\u00f3rki Edwarda, Edward i Tomasz &#8211; bracia Leona, poci\u0105g W\u0142odzimierz \u2013 Zawada, l. 30-te, 82&#215;55 \u2013 sygn. 88.1178.09121.5 dig.<\/p>\n","protected":false},"author":1,"featured_media":112,"comment_status":"open","ping_status":"open","sticky":false,"template":"","format":"standard","meta":{"footnotes":""},"categories":[22,49],"tags":[],"class_list":["post-4368","post","type-post","status-publish","format-standard","has-post-thumbnail","hentry","category-fotografie","category-komunikacja-gospodarka-komunalna-i-mieszkaniowe"],"_links":{"self":[{"href":"https:\/\/zamojskahistoria.pl\/index.php?rest_route=\/wp\/v2\/posts\/4368","targetHints":{"allow":["GET"]}}],"collection":[{"href":"https:\/\/zamojskahistoria.pl\/index.php?rest_route=\/wp\/v2\/posts"}],"about":[{"href":"https:\/\/zamojskahistoria.pl\/index.php?rest_route=\/wp\/v2\/types\/post"}],"author":[{"embeddable":true,"href":"https:\/\/zamojskahistoria.pl\/index.php?rest_route=\/wp\/v2\/users\/1"}],"replies":[{"embeddable":true,"href":"https:\/\/zamojskahistoria.pl\/index.php?rest_route=%2Fwp%2Fv2%2Fcomments&post=4368"}],"version-history":[{"count":0,"href":"https:\/\/zamojskahistoria.pl\/index.php?rest_route=\/wp\/v2\/posts\/4368\/revisions"}],"wp:featuredmedia":[{"embeddable":true,"href":"https:\/\/zamojskahistoria.pl\/index.php?rest_route=\/wp\/v2\/media\/112"}],"wp:attachment":[{"href":"https:\/\/zamojskahistoria.pl\/index.php?rest_route=%2Fwp%2Fv2%2Fmedia&parent=4368"}],"wp:term":[{"taxonomy":"category","embeddable":true,"href":"https:\/\/zamojskahistoria.pl\/index.php?rest_route=%2Fwp%2Fv2%2Fcategories&post=4368"},{"taxonomy":"post_tag","embeddable":true,"href":"https:\/\/zamojskahistoria.pl\/index.php?rest_route=%2Fwp%2Fv2%2Ftags&post=4368"}],"curies":[{"name":"wp","href":"https:\/\/api.w.org\/{rel}","templated":true}]}}