{"id":4337,"date":"2024-12-31T00:00:00","date_gmt":"2024-12-30T23:00:00","guid":{"rendered":"https:\/\/zamojskahistoria.pl\/?p=4337"},"modified":"2024-12-31T00:00:00","modified_gmt":"2024-12-30T23:00:00","slug":"stacja-kolejowa-w-zamosciu-zniszczona-przez-niemcow-ok-25-vii-1944-autor-stefan-skurzynski-budynek-parowozowni-po-jej-wysadzeniu-przez-cofajacych-sie-niemcow-odb-80x55-sygn-88-1178-09","status":"publish","type":"post","link":"https:\/\/zamojskahistoria.pl\/?p=4337","title":{"rendered":"Stacja kolejowa w Zamo\u015bciu zniszczona przez Niemc\u00f3w, ok. 25 VII 1944; autor Stefan Skurzy\u0144ski, Budynek parowozowni po jej wysadzeniu przez cofaj\u0105cych si\u0119 Niemc\u00f3w, odb. 80&#215;55 \u2013 sygn. 88.1178.09102.2 dig."},"content":{"rendered":"<p>Stacja kolejowa w Zamo\u015bciu zniszczona przez Niemc\u00f3w, ok. 25 VII 1944; autor Stefan Skurzy\u0144ski, Budynek parowozowni po jej wysadzeniu przez cofaj\u0105cych si\u0119 Niemc\u00f3w, odb. 80&#215;55 \u2013 sygn. 88.1178.09102.2 dig.<\/p>\n","protected":false},"excerpt":{"rendered":"<p>Stacja kolejowa w Zamo\u015bciu zniszczona przez Niemc\u00f3w, ok. 25 VII 1944; autor Stefan Skurzy\u0144ski, Budynek parowozowni po jej wysadzeniu przez cofaj\u0105cych si\u0119 Niemc\u00f3w, odb. 80&#215;55 \u2013 sygn. 88.1178.09102.2 dig.<\/p>\n","protected":false},"author":1,"featured_media":112,"comment_status":"open","ping_status":"open","sticky":false,"template":"","format":"standard","meta":{"footnotes":""},"categories":[22,49],"tags":[],"class_list":["post-4337","post","type-post","status-publish","format-standard","has-post-thumbnail","hentry","category-fotografie","category-komunikacja-gospodarka-komunalna-i-mieszkaniowe"],"_links":{"self":[{"href":"https:\/\/zamojskahistoria.pl\/index.php?rest_route=\/wp\/v2\/posts\/4337","targetHints":{"allow":["GET"]}}],"collection":[{"href":"https:\/\/zamojskahistoria.pl\/index.php?rest_route=\/wp\/v2\/posts"}],"about":[{"href":"https:\/\/zamojskahistoria.pl\/index.php?rest_route=\/wp\/v2\/types\/post"}],"author":[{"embeddable":true,"href":"https:\/\/zamojskahistoria.pl\/index.php?rest_route=\/wp\/v2\/users\/1"}],"replies":[{"embeddable":true,"href":"https:\/\/zamojskahistoria.pl\/index.php?rest_route=%2Fwp%2Fv2%2Fcomments&post=4337"}],"version-history":[{"count":0,"href":"https:\/\/zamojskahistoria.pl\/index.php?rest_route=\/wp\/v2\/posts\/4337\/revisions"}],"wp:featuredmedia":[{"embeddable":true,"href":"https:\/\/zamojskahistoria.pl\/index.php?rest_route=\/wp\/v2\/media\/112"}],"wp:attachment":[{"href":"https:\/\/zamojskahistoria.pl\/index.php?rest_route=%2Fwp%2Fv2%2Fmedia&parent=4337"}],"wp:term":[{"taxonomy":"category","embeddable":true,"href":"https:\/\/zamojskahistoria.pl\/index.php?rest_route=%2Fwp%2Fv2%2Fcategories&post=4337"},{"taxonomy":"post_tag","embeddable":true,"href":"https:\/\/zamojskahistoria.pl\/index.php?rest_route=%2Fwp%2Fv2%2Ftags&post=4337"}],"curies":[{"name":"wp","href":"https:\/\/api.w.org\/{rel}","templated":true}]}}