{"id":4330,"date":"2024-12-31T00:00:00","date_gmt":"2024-12-30T23:00:00","guid":{"rendered":"https:\/\/zamojskahistoria.pl\/?p=4330"},"modified":"2024-12-31T00:00:00","modified_gmt":"2024-12-30T23:00:00","slug":"kolej-w-zamosciu-1935-1938-personel-stacji-zamosc-glownie-sluzba-ruchu-u-gory-trzeci-od-lewej-wladyslaw-dudek-l-30-te-autor-nn-odb-135x87-sygn-88-1178-09101-5-dig","status":"publish","type":"post","link":"https:\/\/zamojskahistoria.pl\/?p=4330","title":{"rendered":"Kolej w Zamo\u015bciu, 1935-1938, Personel stacji Zamo\u015b\u0107, g\u0142\u00f3wnie s\u0142u\u017cba ruchu, u g\u00f3ry trzeci od lewej W\u0142adys\u0142aw Dudek, l. 30-te; autor NN, odb. 135&#215;87 \u2013 sygn. 88.1178.09101.5 dig."},"content":{"rendered":"<p>Kolej w Zamo\u015bciu, 1935-1938, Personel stacji Zamo\u015b\u0107, g\u0142\u00f3wnie s\u0142u\u017cba ruchu, u g\u00f3ry trzeci od lewej W\u0142adys\u0142aw Dudek, l. 30-te; autor NN, odb. 135&#215;87 \u2013 sygn. 88.1178.09101.5 dig.<\/p>\n","protected":false},"excerpt":{"rendered":"<p>Kolej w Zamo\u015bciu, 1935-1938, Personel stacji Zamo\u015b\u0107, g\u0142\u00f3wnie s\u0142u\u017cba ruchu, u g\u00f3ry trzeci od lewej W\u0142adys\u0142aw Dudek, l. 30-te; autor NN, odb. 135&#215;87 \u2013 sygn. 88.1178.09101.5 dig.<\/p>\n","protected":false},"author":1,"featured_media":112,"comment_status":"open","ping_status":"open","sticky":false,"template":"","format":"standard","meta":{"footnotes":""},"categories":[22,49],"tags":[],"class_list":["post-4330","post","type-post","status-publish","format-standard","has-post-thumbnail","hentry","category-fotografie","category-komunikacja-gospodarka-komunalna-i-mieszkaniowe"],"_links":{"self":[{"href":"https:\/\/zamojskahistoria.pl\/index.php?rest_route=\/wp\/v2\/posts\/4330","targetHints":{"allow":["GET"]}}],"collection":[{"href":"https:\/\/zamojskahistoria.pl\/index.php?rest_route=\/wp\/v2\/posts"}],"about":[{"href":"https:\/\/zamojskahistoria.pl\/index.php?rest_route=\/wp\/v2\/types\/post"}],"author":[{"embeddable":true,"href":"https:\/\/zamojskahistoria.pl\/index.php?rest_route=\/wp\/v2\/users\/1"}],"replies":[{"embeddable":true,"href":"https:\/\/zamojskahistoria.pl\/index.php?rest_route=%2Fwp%2Fv2%2Fcomments&post=4330"}],"version-history":[{"count":0,"href":"https:\/\/zamojskahistoria.pl\/index.php?rest_route=\/wp\/v2\/posts\/4330\/revisions"}],"wp:featuredmedia":[{"embeddable":true,"href":"https:\/\/zamojskahistoria.pl\/index.php?rest_route=\/wp\/v2\/media\/112"}],"wp:attachment":[{"href":"https:\/\/zamojskahistoria.pl\/index.php?rest_route=%2Fwp%2Fv2%2Fmedia&parent=4330"}],"wp:term":[{"taxonomy":"category","embeddable":true,"href":"https:\/\/zamojskahistoria.pl\/index.php?rest_route=%2Fwp%2Fv2%2Fcategories&post=4330"},{"taxonomy":"post_tag","embeddable":true,"href":"https:\/\/zamojskahistoria.pl\/index.php?rest_route=%2Fwp%2Fv2%2Ftags&post=4330"}],"curies":[{"name":"wp","href":"https:\/\/api.w.org\/{rel}","templated":true}]}}