{"id":4325,"date":"2025-01-01T00:00:00","date_gmt":"2024-12-31T23:00:00","guid":{"rendered":"https:\/\/zamojskahistoria.pl\/?p=4325"},"modified":"2025-01-01T00:00:00","modified_gmt":"2024-12-31T23:00:00","slug":"obchody-spoldzielniane-miedzynarodowy-dzien-spoldzielczosci-w-gs-zamosc-przejecie-sztandaru-1985-r-odb-180x130-sygn-88-1178-08591-3-brak","status":"publish","type":"post","link":"https:\/\/zamojskahistoria.pl\/?p=4325","title":{"rendered":"Obchody sp\u00f3\u0142dzielniane Mi\u0119dzynarodowy Dzie\u0144 Sp\u00f3\u0142dzielczo\u015bci w GS Zamo\u015b\u0107 \u2013 przej\u0119cie sztandaru, 1985 r., odb. 180&#215;130 \u2013 sygn. 88.1178.08591.3 brak"},"content":{"rendered":"<p>Obchody sp\u00f3\u0142dzielniane Mi\u0119dzynarodowy Dzie\u0144 Sp\u00f3\u0142dzielczo\u015bci w GS Zamo\u015b\u0107 \u2013 przej\u0119cie sztandaru, 1985 r., odb. 180&#215;130 \u2013 sygn. 88.1178.08591.3 brak<\/p>\n","protected":false},"excerpt":{"rendered":"<p>Obchody sp\u00f3\u0142dzielniane Mi\u0119dzynarodowy Dzie\u0144 Sp\u00f3\u0142dzielczo\u015bci w GS Zamo\u015b\u0107 \u2013 przej\u0119cie sztandaru, 1985 r., odb. 180&#215;130 \u2013 sygn. 88.1178.08591.3 brak<\/p>\n","protected":false},"author":1,"featured_media":112,"comment_status":"open","ping_status":"open","sticky":false,"template":"","format":"standard","meta":{"footnotes":""},"categories":[48,22],"tags":[],"class_list":["post-4325","post","type-post","status-publish","format-standard","has-post-thumbnail","hentry","category-banki-handel-uslugi","category-fotografie"],"_links":{"self":[{"href":"https:\/\/zamojskahistoria.pl\/index.php?rest_route=\/wp\/v2\/posts\/4325","targetHints":{"allow":["GET"]}}],"collection":[{"href":"https:\/\/zamojskahistoria.pl\/index.php?rest_route=\/wp\/v2\/posts"}],"about":[{"href":"https:\/\/zamojskahistoria.pl\/index.php?rest_route=\/wp\/v2\/types\/post"}],"author":[{"embeddable":true,"href":"https:\/\/zamojskahistoria.pl\/index.php?rest_route=\/wp\/v2\/users\/1"}],"replies":[{"embeddable":true,"href":"https:\/\/zamojskahistoria.pl\/index.php?rest_route=%2Fwp%2Fv2%2Fcomments&post=4325"}],"version-history":[{"count":0,"href":"https:\/\/zamojskahistoria.pl\/index.php?rest_route=\/wp\/v2\/posts\/4325\/revisions"}],"wp:featuredmedia":[{"embeddable":true,"href":"https:\/\/zamojskahistoria.pl\/index.php?rest_route=\/wp\/v2\/media\/112"}],"wp:attachment":[{"href":"https:\/\/zamojskahistoria.pl\/index.php?rest_route=%2Fwp%2Fv2%2Fmedia&parent=4325"}],"wp:term":[{"taxonomy":"category","embeddable":true,"href":"https:\/\/zamojskahistoria.pl\/index.php?rest_route=%2Fwp%2Fv2%2Fcategories&post=4325"},{"taxonomy":"post_tag","embeddable":true,"href":"https:\/\/zamojskahistoria.pl\/index.php?rest_route=%2Fwp%2Fv2%2Ftags&post=4325"}],"curies":[{"name":"wp","href":"https:\/\/api.w.org\/{rel}","templated":true}]}}