{"id":4323,"date":"2025-01-01T00:00:00","date_gmt":"2024-12-31T23:00:00","guid":{"rendered":"https:\/\/zamojskahistoria.pl\/?p=4323"},"modified":"2025-01-01T00:00:00","modified_gmt":"2024-12-31T23:00:00","slug":"obchody-spoldzielniane-miedzynarodowy-dzien-spoldzielczosci-w-gs-zamosc-przemowienie-prezesa-antoniego-rawiaka-1985-r-odb-130x180-sygn-88-1178-08591-1-brak","status":"publish","type":"post","link":"https:\/\/zamojskahistoria.pl\/?p=4323","title":{"rendered":"Obchody sp\u00f3\u0142dzielniane Mi\u0119dzynarodowy Dzie\u0144 Sp\u00f3\u0142dzielczo\u015bci w GS Zamo\u015b\u0107 \u2013 przem\u00f3wienie prezesa Antoniego Rawiaka, 1985 r., odb. 130&#215;180 \u2013 sygn. 88.1178.08591.1 brak"},"content":{"rendered":"<p>Obchody sp\u00f3\u0142dzielniane Mi\u0119dzynarodowy Dzie\u0144 Sp\u00f3\u0142dzielczo\u015bci w GS Zamo\u015b\u0107 \u2013 przem\u00f3wienie prezesa Antoniego Rawiaka, 1985 r., odb. 130&#215;180 \u2013 sygn. 88.1178.08591.1 brak<\/p>\n","protected":false},"excerpt":{"rendered":"<p>Obchody sp\u00f3\u0142dzielniane Mi\u0119dzynarodowy Dzie\u0144 Sp\u00f3\u0142dzielczo\u015bci w GS Zamo\u015b\u0107 \u2013 przem\u00f3wienie prezesa Antoniego Rawiaka, 1985 r., odb. 130&#215;180 \u2013 sygn. 88.1178.08591.1 brak<\/p>\n","protected":false},"author":1,"featured_media":112,"comment_status":"open","ping_status":"open","sticky":false,"template":"","format":"standard","meta":{"footnotes":""},"categories":[48,22],"tags":[],"class_list":["post-4323","post","type-post","status-publish","format-standard","has-post-thumbnail","hentry","category-banki-handel-uslugi","category-fotografie"],"_links":{"self":[{"href":"https:\/\/zamojskahistoria.pl\/index.php?rest_route=\/wp\/v2\/posts\/4323","targetHints":{"allow":["GET"]}}],"collection":[{"href":"https:\/\/zamojskahistoria.pl\/index.php?rest_route=\/wp\/v2\/posts"}],"about":[{"href":"https:\/\/zamojskahistoria.pl\/index.php?rest_route=\/wp\/v2\/types\/post"}],"author":[{"embeddable":true,"href":"https:\/\/zamojskahistoria.pl\/index.php?rest_route=\/wp\/v2\/users\/1"}],"replies":[{"embeddable":true,"href":"https:\/\/zamojskahistoria.pl\/index.php?rest_route=%2Fwp%2Fv2%2Fcomments&post=4323"}],"version-history":[{"count":0,"href":"https:\/\/zamojskahistoria.pl\/index.php?rest_route=\/wp\/v2\/posts\/4323\/revisions"}],"wp:featuredmedia":[{"embeddable":true,"href":"https:\/\/zamojskahistoria.pl\/index.php?rest_route=\/wp\/v2\/media\/112"}],"wp:attachment":[{"href":"https:\/\/zamojskahistoria.pl\/index.php?rest_route=%2Fwp%2Fv2%2Fmedia&parent=4323"}],"wp:term":[{"taxonomy":"category","embeddable":true,"href":"https:\/\/zamojskahistoria.pl\/index.php?rest_route=%2Fwp%2Fv2%2Fcategories&post=4323"},{"taxonomy":"post_tag","embeddable":true,"href":"https:\/\/zamojskahistoria.pl\/index.php?rest_route=%2Fwp%2Fv2%2Ftags&post=4323"}],"curies":[{"name":"wp","href":"https:\/\/api.w.org\/{rel}","templated":true}]}}