{"id":4320,"date":"2025-01-01T00:00:00","date_gmt":"2024-12-31T23:00:00","guid":{"rendered":"https:\/\/zamojskahistoria.pl\/?p=4320"},"modified":"2025-01-01T00:00:00","modified_gmt":"2024-12-31T23:00:00","slug":"pzgs-powiatowe-zwiazki-gminnych-spoldzielni-samopomoc-chlopska-uroczystosci-wydarzenia-na-terenie-bazy-pozegnanie-gosci-z-wlodawy-prezes-jan-gorzko-1970-odb-170-x130","status":"publish","type":"post","link":"https:\/\/zamojskahistoria.pl\/?p=4320","title":{"rendered":"PZGS Powiatowe Zwi\u0105zki Gminnych Sp\u00f3\u0142dzielni \u201eSamopomoc Ch\u0142opska\u201d uroczysto\u015bci, wydarzenia Na terenie bazy \u2013 po\u017cegnanie go\u015bci z W\u0142odawy, prezes Jan Gorzko, 1970, odb. 170-x130 \u2013 sygn. 88.1178.08537.14 brak"},"content":{"rendered":"<p>PZGS Powiatowe Zwi\u0105zki Gminnych Sp\u00f3\u0142dzielni \u201eSamopomoc Ch\u0142opska\u201d uroczysto\u015bci, wydarzenia Na terenie bazy \u2013 po\u017cegnanie go\u015bci z W\u0142odawy, prezes Jan Gorzko, 1970, odb. 170-x130 \u2013 sygn. 88.1178.08537.14 brak<\/p>\n","protected":false},"excerpt":{"rendered":"<p>PZGS Powiatowe Zwi\u0105zki Gminnych Sp\u00f3\u0142dzielni \u201eSamopomoc Ch\u0142opska\u201d uroczysto\u015bci, wydarzenia Na terenie bazy \u2013 po\u017cegnanie go\u015bci z W\u0142odawy, prezes Jan Gorzko, 1970, odb. 170-x130 \u2013 sygn. 88.1178.08537.14 brak<\/p>\n","protected":false},"author":1,"featured_media":112,"comment_status":"open","ping_status":"open","sticky":false,"template":"","format":"standard","meta":{"footnotes":""},"categories":[48,22],"tags":[],"class_list":["post-4320","post","type-post","status-publish","format-standard","has-post-thumbnail","hentry","category-banki-handel-uslugi","category-fotografie"],"_links":{"self":[{"href":"https:\/\/zamojskahistoria.pl\/index.php?rest_route=\/wp\/v2\/posts\/4320","targetHints":{"allow":["GET"]}}],"collection":[{"href":"https:\/\/zamojskahistoria.pl\/index.php?rest_route=\/wp\/v2\/posts"}],"about":[{"href":"https:\/\/zamojskahistoria.pl\/index.php?rest_route=\/wp\/v2\/types\/post"}],"author":[{"embeddable":true,"href":"https:\/\/zamojskahistoria.pl\/index.php?rest_route=\/wp\/v2\/users\/1"}],"replies":[{"embeddable":true,"href":"https:\/\/zamojskahistoria.pl\/index.php?rest_route=%2Fwp%2Fv2%2Fcomments&post=4320"}],"version-history":[{"count":0,"href":"https:\/\/zamojskahistoria.pl\/index.php?rest_route=\/wp\/v2\/posts\/4320\/revisions"}],"wp:featuredmedia":[{"embeddable":true,"href":"https:\/\/zamojskahistoria.pl\/index.php?rest_route=\/wp\/v2\/media\/112"}],"wp:attachment":[{"href":"https:\/\/zamojskahistoria.pl\/index.php?rest_route=%2Fwp%2Fv2%2Fmedia&parent=4320"}],"wp:term":[{"taxonomy":"category","embeddable":true,"href":"https:\/\/zamojskahistoria.pl\/index.php?rest_route=%2Fwp%2Fv2%2Fcategories&post=4320"},{"taxonomy":"post_tag","embeddable":true,"href":"https:\/\/zamojskahistoria.pl\/index.php?rest_route=%2Fwp%2Fv2%2Ftags&post=4320"}],"curies":[{"name":"wp","href":"https:\/\/api.w.org\/{rel}","templated":true}]}}