{"id":368,"date":"2025-01-04T20:48:14","date_gmt":"2025-01-04T19:48:14","guid":{"rendered":"https:\/\/zamojskahistoria.pl\/?p=368"},"modified":"2025-01-04T20:48:14","modified_gmt":"2025-01-04T19:48:14","slug":"mala-niunia-z-obozu-ktora-zaopiekowala-sie-rodzina-zdziochow-repr-odb-133x83-sygn-88-1178-01526-4-brak","status":"publish","type":"post","link":"https:\/\/zamojskahistoria.pl\/?p=368","title":{"rendered":"Ma\u0142a \u201eNiunia\u201d z obozu, kt\u00f3r\u0105 zaopiekowa\u0142a si\u0119 rodzina Zdzioch\u00f3w, repr. odb. 133&#215;83 \u2013 sygn. 88.1178.01526.4 brak"},"content":{"rendered":"<p>Ma\u0142a \u201eNiunia\u201d z obozu, kt\u00f3r\u0105 zaopiekowa\u0142a si\u0119 rodzina Zdzioch\u00f3w, repr. odb. 133&#215;83 \u2013 sygn. 88.1178.01526.4 brak; Daty skrajne: 1904-2001<\/p>\n","protected":false},"excerpt":{"rendered":"<p>Ma\u0142a \u201eNiunia\u201d z obozu, kt\u00f3r\u0105 zaopiekowa\u0142a si\u0119 rodzina Zdzioch\u00f3w, repr. odb. 133&#215;83 \u2013 sygn. 88.1178.01526.4 brak; Daty skrajne: 1904-2001<\/p>\n","protected":false},"author":1,"featured_media":112,"comment_status":"open","ping_status":"open","sticky":false,"template":"","format":"standard","meta":{"footnotes":""},"categories":[19],"tags":[],"class_list":["post-368","post","type-post","status-publish","format-standard","has-post-thumbnail","hentry","category-historia"],"_links":{"self":[{"href":"https:\/\/zamojskahistoria.pl\/index.php?rest_route=\/wp\/v2\/posts\/368","targetHints":{"allow":["GET"]}}],"collection":[{"href":"https:\/\/zamojskahistoria.pl\/index.php?rest_route=\/wp\/v2\/posts"}],"about":[{"href":"https:\/\/zamojskahistoria.pl\/index.php?rest_route=\/wp\/v2\/types\/post"}],"author":[{"embeddable":true,"href":"https:\/\/zamojskahistoria.pl\/index.php?rest_route=\/wp\/v2\/users\/1"}],"replies":[{"embeddable":true,"href":"https:\/\/zamojskahistoria.pl\/index.php?rest_route=%2Fwp%2Fv2%2Fcomments&post=368"}],"version-history":[{"count":0,"href":"https:\/\/zamojskahistoria.pl\/index.php?rest_route=\/wp\/v2\/posts\/368\/revisions"}],"wp:featuredmedia":[{"embeddable":true,"href":"https:\/\/zamojskahistoria.pl\/index.php?rest_route=\/wp\/v2\/media\/112"}],"wp:attachment":[{"href":"https:\/\/zamojskahistoria.pl\/index.php?rest_route=%2Fwp%2Fv2%2Fmedia&parent=368"}],"wp:term":[{"taxonomy":"category","embeddable":true,"href":"https:\/\/zamojskahistoria.pl\/index.php?rest_route=%2Fwp%2Fv2%2Fcategories&post=368"},{"taxonomy":"post_tag","embeddable":true,"href":"https:\/\/zamojskahistoria.pl\/index.php?rest_route=%2Fwp%2Fv2%2Ftags&post=368"}],"curies":[{"name":"wp","href":"https:\/\/api.w.org\/{rel}","templated":true}]}}