{"id":3008,"date":"2024-12-11T00:00:00","date_gmt":"2024-12-10T23:00:00","guid":{"rendered":"https:\/\/zamojskahistoria.pl\/?p=3008"},"modified":"2024-12-11T00:00:00","modified_gmt":"2024-12-10T23:00:00","slug":"fabryka-mebli-i-tartak-zipserow-w-zamosciu-portret-zbiorowy-pracownikow-administracji-i-technicznych-w-srodku-ferdynand-zipser-ok-1914-ob-227x167-sygn-88-1178-07104-1-dig","status":"publish","type":"post","link":"https:\/\/zamojskahistoria.pl\/?p=3008","title":{"rendered":"Fabryka mebli i Tartak Zipser\u00f3w w Zamo\u015bciu Portret zbiorowy pracownik\u00f3w administracji i technicznych, w \u015brodku Ferdynand Zipser, ok. 1914, ob. 227&#215;167 \u2013 sygn. 88.1178.07104.1 dig."},"content":{"rendered":"<p>Fabryka mebli i Tartak Zipser\u00f3w w Zamo\u015bciu Portret zbiorowy pracownik\u00f3w administracji i technicznych, w \u015brodku Ferdynand Zipser, ok. 1914, ob. 227&#215;167 \u2013 sygn. 88.1178.07104.1 dig.<\/p>\n","protected":false},"excerpt":{"rendered":"<p>Fabryka mebli i Tartak Zipser\u00f3w w Zamo\u015bciu Portret zbiorowy pracownik\u00f3w administracji i technicznych, w \u015brodku Ferdynand Zipser, ok. 1914, ob. 227&#215;167 \u2013 sygn. 88.1178.07104.1 dig.<\/p>\n","protected":false},"author":1,"featured_media":112,"comment_status":"open","ping_status":"open","sticky":false,"template":"","format":"standard","meta":{"footnotes":""},"categories":[22,47],"tags":[],"class_list":["post-3008","post","type-post","status-publish","format-standard","has-post-thumbnail","hentry","category-fotografie","category-przemysl-budownictwo-rzemioslo"],"_links":{"self":[{"href":"https:\/\/zamojskahistoria.pl\/index.php?rest_route=\/wp\/v2\/posts\/3008","targetHints":{"allow":["GET"]}}],"collection":[{"href":"https:\/\/zamojskahistoria.pl\/index.php?rest_route=\/wp\/v2\/posts"}],"about":[{"href":"https:\/\/zamojskahistoria.pl\/index.php?rest_route=\/wp\/v2\/types\/post"}],"author":[{"embeddable":true,"href":"https:\/\/zamojskahistoria.pl\/index.php?rest_route=\/wp\/v2\/users\/1"}],"replies":[{"embeddable":true,"href":"https:\/\/zamojskahistoria.pl\/index.php?rest_route=%2Fwp%2Fv2%2Fcomments&post=3008"}],"version-history":[{"count":0,"href":"https:\/\/zamojskahistoria.pl\/index.php?rest_route=\/wp\/v2\/posts\/3008\/revisions"}],"wp:featuredmedia":[{"embeddable":true,"href":"https:\/\/zamojskahistoria.pl\/index.php?rest_route=\/wp\/v2\/media\/112"}],"wp:attachment":[{"href":"https:\/\/zamojskahistoria.pl\/index.php?rest_route=%2Fwp%2Fv2%2Fmedia&parent=3008"}],"wp:term":[{"taxonomy":"category","embeddable":true,"href":"https:\/\/zamojskahistoria.pl\/index.php?rest_route=%2Fwp%2Fv2%2Fcategories&post=3008"},{"taxonomy":"post_tag","embeddable":true,"href":"https:\/\/zamojskahistoria.pl\/index.php?rest_route=%2Fwp%2Fv2%2Ftags&post=3008"}],"curies":[{"name":"wp","href":"https:\/\/api.w.org\/{rel}","templated":true}]}}