{"id":2534,"date":"2024-12-09T00:00:00","date_gmt":"2024-12-08T23:00:00","guid":{"rendered":"https:\/\/zamojskahistoria.pl\/?p=2534"},"modified":"2024-12-09T00:00:00","modified_gmt":"2024-12-08T23:00:00","slug":"groby-poleglych-milicjantow-wacek-michal-1951-cmentarz-parafialny-w-tomaszowie-odb-110x170-sygn-88-1178-05975-13-brak","status":"publish","type":"post","link":"https:\/\/zamojskahistoria.pl\/?p=2534","title":{"rendered":"Groby poleg\u0142ych milicjant\u00f3w Wacek Micha\u0142, 1951, cmentarz parafialny w Tomaszowie, odb. 110&#215;170 &#8211; sygn. 88.1178.05975.13 brak"},"content":{"rendered":"<p>Groby poleg\u0142ych milicjant\u00f3w Wacek Micha\u0142, 1951, cmentarz parafialny w Tomaszowie, odb. 110&#215;170 &#8211; sygn. 88.1178.05975.13 brak<\/p>\n","protected":false},"excerpt":{"rendered":"<p>Groby poleg\u0142ych milicjant\u00f3w Wacek Micha\u0142, 1951, cmentarz parafialny w Tomaszowie, odb. 110&#215;170 &#8211; sygn. 88.1178.05975.13 brak<\/p>\n","protected":false},"author":1,"featured_media":112,"comment_status":"open","ping_status":"open","sticky":false,"template":"","format":"standard","meta":{"footnotes":""},"categories":[22,45],"tags":[],"class_list":["post-2534","post","type-post","status-publish","format-standard","has-post-thumbnail","hentry","category-fotografie","category-kosciol"],"_links":{"self":[{"href":"https:\/\/zamojskahistoria.pl\/index.php?rest_route=\/wp\/v2\/posts\/2534","targetHints":{"allow":["GET"]}}],"collection":[{"href":"https:\/\/zamojskahistoria.pl\/index.php?rest_route=\/wp\/v2\/posts"}],"about":[{"href":"https:\/\/zamojskahistoria.pl\/index.php?rest_route=\/wp\/v2\/types\/post"}],"author":[{"embeddable":true,"href":"https:\/\/zamojskahistoria.pl\/index.php?rest_route=\/wp\/v2\/users\/1"}],"replies":[{"embeddable":true,"href":"https:\/\/zamojskahistoria.pl\/index.php?rest_route=%2Fwp%2Fv2%2Fcomments&post=2534"}],"version-history":[{"count":0,"href":"https:\/\/zamojskahistoria.pl\/index.php?rest_route=\/wp\/v2\/posts\/2534\/revisions"}],"wp:featuredmedia":[{"embeddable":true,"href":"https:\/\/zamojskahistoria.pl\/index.php?rest_route=\/wp\/v2\/media\/112"}],"wp:attachment":[{"href":"https:\/\/zamojskahistoria.pl\/index.php?rest_route=%2Fwp%2Fv2%2Fmedia&parent=2534"}],"wp:term":[{"taxonomy":"category","embeddable":true,"href":"https:\/\/zamojskahistoria.pl\/index.php?rest_route=%2Fwp%2Fv2%2Fcategories&post=2534"},{"taxonomy":"post_tag","embeddable":true,"href":"https:\/\/zamojskahistoria.pl\/index.php?rest_route=%2Fwp%2Fv2%2Ftags&post=2534"}],"curies":[{"name":"wp","href":"https:\/\/api.w.org\/{rel}","templated":true}]}}