{"id":2128,"date":"2024-12-09T00:00:00","date_gmt":"2024-12-08T23:00:00","guid":{"rendered":"https:\/\/zamojskahistoria.pl\/?p=2128"},"modified":"2024-12-09T00:00:00","modified_gmt":"2024-12-08T23:00:00","slug":"kosciol-sw-krzyza-widok-od-ul-gminnej-ii-1955-autor-edward-kaminski-odb-127x82-sygn-88-1178-05301-3-dig","status":"publish","type":"post","link":"https:\/\/zamojskahistoria.pl\/?p=2128","title":{"rendered":"Ko\u015bci\u00f3\u0142 \u015bw. Krzy\u017ca, Widok od ul. Gminnej II, 1955; autor Edward Kami\u0144ski, odb. 127&#215;82 \u2013 sygn. 88.1178.05301.3 dig."},"content":{"rendered":"<p>Ko\u015bci\u00f3\u0142 \u015bw. Krzy\u017ca, Widok od ul. Gminnej II, 1955; autor Edward Kami\u0144ski, odb. 127&#215;82 \u2013 sygn. 88.1178.05301.3 dig.<\/p>\n","protected":false},"excerpt":{"rendered":"<p>Ko\u015bci\u00f3\u0142 \u015bw. Krzy\u017ca, Widok od ul. Gminnej II, 1955; autor Edward Kami\u0144ski, odb. 127&#215;82 \u2013 sygn. 88.1178.05301.3 dig.<\/p>\n","protected":false},"author":1,"featured_media":112,"comment_status":"open","ping_status":"open","sticky":false,"template":"","format":"standard","meta":{"footnotes":""},"categories":[22,45],"tags":[],"class_list":["post-2128","post","type-post","status-publish","format-standard","has-post-thumbnail","hentry","category-fotografie","category-kosciol"],"_links":{"self":[{"href":"https:\/\/zamojskahistoria.pl\/index.php?rest_route=\/wp\/v2\/posts\/2128","targetHints":{"allow":["GET"]}}],"collection":[{"href":"https:\/\/zamojskahistoria.pl\/index.php?rest_route=\/wp\/v2\/posts"}],"about":[{"href":"https:\/\/zamojskahistoria.pl\/index.php?rest_route=\/wp\/v2\/types\/post"}],"author":[{"embeddable":true,"href":"https:\/\/zamojskahistoria.pl\/index.php?rest_route=\/wp\/v2\/users\/1"}],"replies":[{"embeddable":true,"href":"https:\/\/zamojskahistoria.pl\/index.php?rest_route=%2Fwp%2Fv2%2Fcomments&post=2128"}],"version-history":[{"count":0,"href":"https:\/\/zamojskahistoria.pl\/index.php?rest_route=\/wp\/v2\/posts\/2128\/revisions"}],"wp:featuredmedia":[{"embeddable":true,"href":"https:\/\/zamojskahistoria.pl\/index.php?rest_route=\/wp\/v2\/media\/112"}],"wp:attachment":[{"href":"https:\/\/zamojskahistoria.pl\/index.php?rest_route=%2Fwp%2Fv2%2Fmedia&parent=2128"}],"wp:term":[{"taxonomy":"category","embeddable":true,"href":"https:\/\/zamojskahistoria.pl\/index.php?rest_route=%2Fwp%2Fv2%2Fcategories&post=2128"},{"taxonomy":"post_tag","embeddable":true,"href":"https:\/\/zamojskahistoria.pl\/index.php?rest_route=%2Fwp%2Fv2%2Ftags&post=2128"}],"curies":[{"name":"wp","href":"https:\/\/api.w.org\/{rel}","templated":true}]}}