{"id":2125,"date":"2024-12-09T00:00:00","date_gmt":"2024-12-08T23:00:00","guid":{"rendered":"https:\/\/zamojskahistoria.pl\/?p=2125"},"modified":"2024-12-09T00:00:00","modified_gmt":"2024-12-08T23:00:00","slug":"dzieci-pierwszokomunijne-przed-kolegiata-rozne-grupy-z-ks-zurawskim-i-katechetka-odb-170x120-sygn-88-1178-05291-1-7-brak","status":"publish","type":"post","link":"https:\/\/zamojskahistoria.pl\/?p=2125","title":{"rendered":"Dzieci pierwszokomunijne przed Kolegiat\u0105 R\u00f3\u017cne grupy z ks. \u017burawskim i katechetk\u0105, odb. 170&#215;120 \u2013 sygn. 88.1178.05291.1-7 brak"},"content":{"rendered":"<p>Dzieci pierwszokomunijne przed Kolegiat\u0105 R\u00f3\u017cne grupy z ks. \u017burawskim i katechetk\u0105, odb. 170&#215;120 \u2013 sygn. 88.1178.05291.1-7 brak<\/p>\n","protected":false},"excerpt":{"rendered":"<p>Dzieci pierwszokomunijne przed Kolegiat\u0105 R\u00f3\u017cne grupy z ks. \u017burawskim i katechetk\u0105, odb. 170&#215;120 \u2013 sygn. 88.1178.05291.1-7 brak<\/p>\n","protected":false},"author":1,"featured_media":112,"comment_status":"open","ping_status":"open","sticky":false,"template":"","format":"standard","meta":{"footnotes":""},"categories":[22,45],"tags":[],"class_list":["post-2125","post","type-post","status-publish","format-standard","has-post-thumbnail","hentry","category-fotografie","category-kosciol"],"_links":{"self":[{"href":"https:\/\/zamojskahistoria.pl\/index.php?rest_route=\/wp\/v2\/posts\/2125","targetHints":{"allow":["GET"]}}],"collection":[{"href":"https:\/\/zamojskahistoria.pl\/index.php?rest_route=\/wp\/v2\/posts"}],"about":[{"href":"https:\/\/zamojskahistoria.pl\/index.php?rest_route=\/wp\/v2\/types\/post"}],"author":[{"embeddable":true,"href":"https:\/\/zamojskahistoria.pl\/index.php?rest_route=\/wp\/v2\/users\/1"}],"replies":[{"embeddable":true,"href":"https:\/\/zamojskahistoria.pl\/index.php?rest_route=%2Fwp%2Fv2%2Fcomments&post=2125"}],"version-history":[{"count":0,"href":"https:\/\/zamojskahistoria.pl\/index.php?rest_route=\/wp\/v2\/posts\/2125\/revisions"}],"wp:featuredmedia":[{"embeddable":true,"href":"https:\/\/zamojskahistoria.pl\/index.php?rest_route=\/wp\/v2\/media\/112"}],"wp:attachment":[{"href":"https:\/\/zamojskahistoria.pl\/index.php?rest_route=%2Fwp%2Fv2%2Fmedia&parent=2125"}],"wp:term":[{"taxonomy":"category","embeddable":true,"href":"https:\/\/zamojskahistoria.pl\/index.php?rest_route=%2Fwp%2Fv2%2Fcategories&post=2125"},{"taxonomy":"post_tag","embeddable":true,"href":"https:\/\/zamojskahistoria.pl\/index.php?rest_route=%2Fwp%2Fv2%2Ftags&post=2125"}],"curies":[{"name":"wp","href":"https:\/\/api.w.org\/{rel}","templated":true}]}}