{"id":2120,"date":"2024-12-09T00:00:00","date_gmt":"2024-12-08T23:00:00","guid":{"rendered":"https:\/\/zamojskahistoria.pl\/?p=2120"},"modified":"2024-12-09T00:00:00","modified_gmt":"2024-12-08T23:00:00","slug":"dzieci-szkolne-przed-kolegiata-na-cmentarzu-przykoscielnym-miedzy-kolegiata-i-infulatka-1952-odb-80x54-sygn-88-1178-05290-8-dig","status":"publish","type":"post","link":"https:\/\/zamojskahistoria.pl\/?p=2120","title":{"rendered":"Dzieci szkolne przed Kolegiat\u0105 Na cmentarzu przyko\u015bcielnym mi\u0119dzy kolegiat\u0105 i infu\u0142atk\u0105, 1952, odb. 80&#215;54 \u2013 sygn. 88.1178.05290.8 dig."},"content":{"rendered":"<p>Dzieci szkolne przed Kolegiat\u0105 Na cmentarzu przyko\u015bcielnym mi\u0119dzy kolegiat\u0105 i infu\u0142atk\u0105, 1952, odb. 80&#215;54 \u2013 sygn. 88.1178.05290.8 dig.<\/p>\n","protected":false},"excerpt":{"rendered":"<p>Dzieci szkolne przed Kolegiat\u0105 Na cmentarzu przyko\u015bcielnym mi\u0119dzy kolegiat\u0105 i infu\u0142atk\u0105, 1952, odb. 80&#215;54 \u2013 sygn. 88.1178.05290.8 dig.<\/p>\n","protected":false},"author":1,"featured_media":112,"comment_status":"open","ping_status":"open","sticky":false,"template":"","format":"standard","meta":{"footnotes":""},"categories":[22,45],"tags":[],"class_list":["post-2120","post","type-post","status-publish","format-standard","has-post-thumbnail","hentry","category-fotografie","category-kosciol"],"_links":{"self":[{"href":"https:\/\/zamojskahistoria.pl\/index.php?rest_route=\/wp\/v2\/posts\/2120","targetHints":{"allow":["GET"]}}],"collection":[{"href":"https:\/\/zamojskahistoria.pl\/index.php?rest_route=\/wp\/v2\/posts"}],"about":[{"href":"https:\/\/zamojskahistoria.pl\/index.php?rest_route=\/wp\/v2\/types\/post"}],"author":[{"embeddable":true,"href":"https:\/\/zamojskahistoria.pl\/index.php?rest_route=\/wp\/v2\/users\/1"}],"replies":[{"embeddable":true,"href":"https:\/\/zamojskahistoria.pl\/index.php?rest_route=%2Fwp%2Fv2%2Fcomments&post=2120"}],"version-history":[{"count":0,"href":"https:\/\/zamojskahistoria.pl\/index.php?rest_route=\/wp\/v2\/posts\/2120\/revisions"}],"wp:featuredmedia":[{"embeddable":true,"href":"https:\/\/zamojskahistoria.pl\/index.php?rest_route=\/wp\/v2\/media\/112"}],"wp:attachment":[{"href":"https:\/\/zamojskahistoria.pl\/index.php?rest_route=%2Fwp%2Fv2%2Fmedia&parent=2120"}],"wp:term":[{"taxonomy":"category","embeddable":true,"href":"https:\/\/zamojskahistoria.pl\/index.php?rest_route=%2Fwp%2Fv2%2Fcategories&post=2120"},{"taxonomy":"post_tag","embeddable":true,"href":"https:\/\/zamojskahistoria.pl\/index.php?rest_route=%2Fwp%2Fv2%2Ftags&post=2120"}],"curies":[{"name":"wp","href":"https:\/\/api.w.org\/{rel}","templated":true}]}}