{"id":2117,"date":"2024-12-09T00:00:00","date_gmt":"2024-12-08T23:00:00","guid":{"rendered":"https:\/\/zamojskahistoria.pl\/?p=2117"},"modified":"2024-12-09T00:00:00","modified_gmt":"2024-12-08T23:00:00","slug":"dzieci-szkolne-przed-kolegiata-zofia-szymulska-przed-figura-mb-przy-kolegiacie-na-odwrocie-piecz-zarzad-spoldzielni-pracy-fotogr-w-zamosciu-kontrolowano-1952-r-odb-5","status":"publish","type":"post","link":"https:\/\/zamojskahistoria.pl\/?p=2117","title":{"rendered":"Dzieci szkolne przed Kolegiat\u0105 Zofia Szymulska przed figur\u0105 MB przy Kolegiacie, na odwrocie piecz. \u201eZarz\u0105d Sp\u00f3\u0142dzielni Pracy Fotogr.\u201d W Zamo\u015bciu. Kontrolowano\u201d, 1952 r., odb. 50&#215;80 \u2013 sygn. 88.1178.05290.5 dig."},"content":{"rendered":"<p>Dzieci szkolne przed Kolegiat\u0105 Zofia Szymulska przed figur\u0105 MB przy Kolegiacie, na odwrocie piecz. \u201eZarz\u0105d Sp\u00f3\u0142dzielni Pracy Fotogr.\u201d W Zamo\u015bciu. Kontrolowano\u201d, 1952 r., odb. 50&#215;80 \u2013 sygn. 88.1178.05290.5 dig.<\/p>\n","protected":false},"excerpt":{"rendered":"<p>Dzieci szkolne przed Kolegiat\u0105 Zofia Szymulska przed figur\u0105 MB przy Kolegiacie, na odwrocie piecz. \u201eZarz\u0105d Sp\u00f3\u0142dzielni Pracy Fotogr.\u201d W Zamo\u015bciu. Kontrolowano\u201d, 1952 r., odb. 50&#215;80 \u2013 sygn. 88.1178.05290.5 dig.<\/p>\n","protected":false},"author":1,"featured_media":112,"comment_status":"open","ping_status":"open","sticky":false,"template":"","format":"standard","meta":{"footnotes":""},"categories":[22,45],"tags":[],"class_list":["post-2117","post","type-post","status-publish","format-standard","has-post-thumbnail","hentry","category-fotografie","category-kosciol"],"_links":{"self":[{"href":"https:\/\/zamojskahistoria.pl\/index.php?rest_route=\/wp\/v2\/posts\/2117","targetHints":{"allow":["GET"]}}],"collection":[{"href":"https:\/\/zamojskahistoria.pl\/index.php?rest_route=\/wp\/v2\/posts"}],"about":[{"href":"https:\/\/zamojskahistoria.pl\/index.php?rest_route=\/wp\/v2\/types\/post"}],"author":[{"embeddable":true,"href":"https:\/\/zamojskahistoria.pl\/index.php?rest_route=\/wp\/v2\/users\/1"}],"replies":[{"embeddable":true,"href":"https:\/\/zamojskahistoria.pl\/index.php?rest_route=%2Fwp%2Fv2%2Fcomments&post=2117"}],"version-history":[{"count":0,"href":"https:\/\/zamojskahistoria.pl\/index.php?rest_route=\/wp\/v2\/posts\/2117\/revisions"}],"wp:featuredmedia":[{"embeddable":true,"href":"https:\/\/zamojskahistoria.pl\/index.php?rest_route=\/wp\/v2\/media\/112"}],"wp:attachment":[{"href":"https:\/\/zamojskahistoria.pl\/index.php?rest_route=%2Fwp%2Fv2%2Fmedia&parent=2117"}],"wp:term":[{"taxonomy":"category","embeddable":true,"href":"https:\/\/zamojskahistoria.pl\/index.php?rest_route=%2Fwp%2Fv2%2Fcategories&post=2117"},{"taxonomy":"post_tag","embeddable":true,"href":"https:\/\/zamojskahistoria.pl\/index.php?rest_route=%2Fwp%2Fv2%2Ftags&post=2117"}],"curies":[{"name":"wp","href":"https:\/\/api.w.org\/{rel}","templated":true}]}}