{"id":2108,"date":"2024-12-09T00:00:00","date_gmt":"2024-12-08T23:00:00","guid":{"rendered":"https:\/\/zamojskahistoria.pl\/?p=2108"},"modified":"2024-12-09T00:00:00","modified_gmt":"2024-12-08T23:00:00","slug":"dzieci-szkolne-przed-kolegiata-grupa-pierwszokomunijna-szkoly-nr-1-z-prawdopodobnie-z-p-burzynska-pol-l-30-tych-wg-piecz-fotografja-fr-obst-w-zamosciu-odb-138x88","status":"publish","type":"post","link":"https:\/\/zamojskahistoria.pl\/?p=2108","title":{"rendered":"Dzieci szkolne przed Kolegiat\u0105 Grupa pierwszokomunijna szko\u0142y nr 1 z prawdopodobnie z p. Burzy\u0144sk\u0105,, po\u0142. l. 30-tych, wg piecz. \u201eFotografja Fr. Obst w Zamo\u015bciu\u201d, odb. 138&#215;88 \u2013 sygn. 88.1178.05289.4 dig."},"content":{"rendered":"<p>Dzieci szkolne przed Kolegiat\u0105 Grupa pierwszokomunijna szko\u0142y nr 1 z prawdopodobnie z p. Burzy\u0144sk\u0105,, po\u0142. l. 30-tych, wg piecz. \u201eFotografja Fr. Obst w Zamo\u015bciu\u201d, odb. 138&#215;88 \u2013 sygn. 88.1178.05289.4 dig.<\/p>\n","protected":false},"excerpt":{"rendered":"<p>Dzieci szkolne przed Kolegiat\u0105 Grupa pierwszokomunijna szko\u0142y nr 1 z prawdopodobnie z p. Burzy\u0144sk\u0105,, po\u0142. l. 30-tych, wg piecz. \u201eFotografja Fr. Obst w Zamo\u015bciu\u201d, odb. 138&#215;88 \u2013 sygn. 88.1178.05289.4 dig.<\/p>\n","protected":false},"author":1,"featured_media":112,"comment_status":"open","ping_status":"open","sticky":false,"template":"","format":"standard","meta":{"footnotes":""},"categories":[22,45],"tags":[],"class_list":["post-2108","post","type-post","status-publish","format-standard","has-post-thumbnail","hentry","category-fotografie","category-kosciol"],"_links":{"self":[{"href":"https:\/\/zamojskahistoria.pl\/index.php?rest_route=\/wp\/v2\/posts\/2108","targetHints":{"allow":["GET"]}}],"collection":[{"href":"https:\/\/zamojskahistoria.pl\/index.php?rest_route=\/wp\/v2\/posts"}],"about":[{"href":"https:\/\/zamojskahistoria.pl\/index.php?rest_route=\/wp\/v2\/types\/post"}],"author":[{"embeddable":true,"href":"https:\/\/zamojskahistoria.pl\/index.php?rest_route=\/wp\/v2\/users\/1"}],"replies":[{"embeddable":true,"href":"https:\/\/zamojskahistoria.pl\/index.php?rest_route=%2Fwp%2Fv2%2Fcomments&post=2108"}],"version-history":[{"count":0,"href":"https:\/\/zamojskahistoria.pl\/index.php?rest_route=\/wp\/v2\/posts\/2108\/revisions"}],"wp:featuredmedia":[{"embeddable":true,"href":"https:\/\/zamojskahistoria.pl\/index.php?rest_route=\/wp\/v2\/media\/112"}],"wp:attachment":[{"href":"https:\/\/zamojskahistoria.pl\/index.php?rest_route=%2Fwp%2Fv2%2Fmedia&parent=2108"}],"wp:term":[{"taxonomy":"category","embeddable":true,"href":"https:\/\/zamojskahistoria.pl\/index.php?rest_route=%2Fwp%2Fv2%2Fcategories&post=2108"},{"taxonomy":"post_tag","embeddable":true,"href":"https:\/\/zamojskahistoria.pl\/index.php?rest_route=%2Fwp%2Fv2%2Ftags&post=2108"}],"curies":[{"name":"wp","href":"https:\/\/api.w.org\/{rel}","templated":true}]}}