{"id":2100,"date":"2024-12-09T00:00:00","date_gmt":"2024-12-08T23:00:00","guid":{"rendered":"https:\/\/zamojskahistoria.pl\/?p=2100"},"modified":"2024-12-09T00:00:00","modified_gmt":"2024-12-08T23:00:00","slug":"otwarcie-muzeum-sakralnego-w-infulatce-25-x-1987-do-ksiegi-wpisuje-sie-bp-boleslaw-pylak-w-glebi-wojewoda-boleslaw-didyk-i-mec-witold-richter-autor-stanislaw-orlowski-odb-80x130-sygn","status":"publish","type":"post","link":"https:\/\/zamojskahistoria.pl\/?p=2100","title":{"rendered":"Otwarcie Muzeum Sakralnego w Infu\u0142atce, 25 X 1987. Do ksi\u0119gi wpisuje si\u0119 bp Boles\u0142aw Pylak, w g\u0142\u0119bi wojewoda Boles\u0142aw Didyk i mec. Witold Richter, autor Stanis\u0142aw Or\u0142owski, odb. 80&#215;130 \u2013 sygn. 88.1178.05257.4 brak"},"content":{"rendered":"<p>Otwarcie Muzeum Sakralnego w Infu\u0142atce, 25 X 1987. Do ksi\u0119gi wpisuje si\u0119 bp Boles\u0142aw Pylak, w g\u0142\u0119bi wojewoda Boles\u0142aw Didyk i mec. Witold Richter, autor Stanis\u0142aw Or\u0142owski, odb. 80&#215;130 \u2013 sygn. 88.1178.05257.4 brak<\/p>\n","protected":false},"excerpt":{"rendered":"<p>Otwarcie Muzeum Sakralnego w Infu\u0142atce, 25 X 1987. Do ksi\u0119gi wpisuje si\u0119 bp Boles\u0142aw Pylak, w g\u0142\u0119bi wojewoda Boles\u0142aw Didyk i mec. Witold Richter, autor Stanis\u0142aw Or\u0142owski, odb. 80&#215;130 \u2013 sygn. 88.1178.05257.4 brak<\/p>\n","protected":false},"author":1,"featured_media":112,"comment_status":"open","ping_status":"open","sticky":false,"template":"","format":"standard","meta":{"footnotes":""},"categories":[22,45],"tags":[],"class_list":["post-2100","post","type-post","status-publish","format-standard","has-post-thumbnail","hentry","category-fotografie","category-kosciol"],"_links":{"self":[{"href":"https:\/\/zamojskahistoria.pl\/index.php?rest_route=\/wp\/v2\/posts\/2100","targetHints":{"allow":["GET"]}}],"collection":[{"href":"https:\/\/zamojskahistoria.pl\/index.php?rest_route=\/wp\/v2\/posts"}],"about":[{"href":"https:\/\/zamojskahistoria.pl\/index.php?rest_route=\/wp\/v2\/types\/post"}],"author":[{"embeddable":true,"href":"https:\/\/zamojskahistoria.pl\/index.php?rest_route=\/wp\/v2\/users\/1"}],"replies":[{"embeddable":true,"href":"https:\/\/zamojskahistoria.pl\/index.php?rest_route=%2Fwp%2Fv2%2Fcomments&post=2100"}],"version-history":[{"count":0,"href":"https:\/\/zamojskahistoria.pl\/index.php?rest_route=\/wp\/v2\/posts\/2100\/revisions"}],"wp:featuredmedia":[{"embeddable":true,"href":"https:\/\/zamojskahistoria.pl\/index.php?rest_route=\/wp\/v2\/media\/112"}],"wp:attachment":[{"href":"https:\/\/zamojskahistoria.pl\/index.php?rest_route=%2Fwp%2Fv2%2Fmedia&parent=2100"}],"wp:term":[{"taxonomy":"category","embeddable":true,"href":"https:\/\/zamojskahistoria.pl\/index.php?rest_route=%2Fwp%2Fv2%2Fcategories&post=2100"},{"taxonomy":"post_tag","embeddable":true,"href":"https:\/\/zamojskahistoria.pl\/index.php?rest_route=%2Fwp%2Fv2%2Ftags&post=2100"}],"curies":[{"name":"wp","href":"https:\/\/api.w.org\/{rel}","templated":true}]}}