{"id":2095,"date":"2024-12-09T00:00:00","date_gmt":"2024-12-08T23:00:00","guid":{"rendered":"https:\/\/zamojskahistoria.pl\/?p=2095"},"modified":"2024-12-09T00:00:00","modified_gmt":"2024-12-08T23:00:00","slug":"iv-tydzien-kultury-chrzescijanskiej-w-kolegiacie-1980-r-w-infulatce-andrzej-szczepkowski-i-gustaw-holoubek-20-iv-1980-r-autor-eugeniusz-wojdecki-odb-130x80-sygn-88-1178-0525","status":"publish","type":"post","link":"https:\/\/zamojskahistoria.pl\/?p=2095","title":{"rendered":"IV Tydzie\u0144 Kultury Chrze\u015bcija\u0144skiej w Kolegiacie, 1980 r. W Infu\u0142atce \u2013 Andrzej Szczepkowski i Gustaw Holoubek, 20 IV 1980 r. autor Eugeniusz Wojdecki, odb. 130&#215;80 \u2013 sygn. 88.1178.05255.16 brak"},"content":{"rendered":"<p>IV Tydzie\u0144 Kultury Chrze\u015bcija\u0144skiej w Kolegiacie, 1980 r. W Infu\u0142atce \u2013 Andrzej Szczepkowski i Gustaw Holoubek, 20 IV 1980 r. autor Eugeniusz Wojdecki, odb. 130&#215;80 \u2013 sygn. 88.1178.05255.16 brak<\/p>\n","protected":false},"excerpt":{"rendered":"<p>IV Tydzie\u0144 Kultury Chrze\u015bcija\u0144skiej w Kolegiacie, 1980 r. W Infu\u0142atce \u2013 Andrzej Szczepkowski i Gustaw Holoubek, 20 IV 1980 r. autor Eugeniusz Wojdecki, odb. 130&#215;80 \u2013 sygn. 88.1178.05255.16 brak<\/p>\n","protected":false},"author":1,"featured_media":112,"comment_status":"open","ping_status":"open","sticky":false,"template":"","format":"standard","meta":{"footnotes":""},"categories":[22,45],"tags":[],"class_list":["post-2095","post","type-post","status-publish","format-standard","has-post-thumbnail","hentry","category-fotografie","category-kosciol"],"_links":{"self":[{"href":"https:\/\/zamojskahistoria.pl\/index.php?rest_route=\/wp\/v2\/posts\/2095","targetHints":{"allow":["GET"]}}],"collection":[{"href":"https:\/\/zamojskahistoria.pl\/index.php?rest_route=\/wp\/v2\/posts"}],"about":[{"href":"https:\/\/zamojskahistoria.pl\/index.php?rest_route=\/wp\/v2\/types\/post"}],"author":[{"embeddable":true,"href":"https:\/\/zamojskahistoria.pl\/index.php?rest_route=\/wp\/v2\/users\/1"}],"replies":[{"embeddable":true,"href":"https:\/\/zamojskahistoria.pl\/index.php?rest_route=%2Fwp%2Fv2%2Fcomments&post=2095"}],"version-history":[{"count":0,"href":"https:\/\/zamojskahistoria.pl\/index.php?rest_route=\/wp\/v2\/posts\/2095\/revisions"}],"wp:featuredmedia":[{"embeddable":true,"href":"https:\/\/zamojskahistoria.pl\/index.php?rest_route=\/wp\/v2\/media\/112"}],"wp:attachment":[{"href":"https:\/\/zamojskahistoria.pl\/index.php?rest_route=%2Fwp%2Fv2%2Fmedia&parent=2095"}],"wp:term":[{"taxonomy":"category","embeddable":true,"href":"https:\/\/zamojskahistoria.pl\/index.php?rest_route=%2Fwp%2Fv2%2Fcategories&post=2095"},{"taxonomy":"post_tag","embeddable":true,"href":"https:\/\/zamojskahistoria.pl\/index.php?rest_route=%2Fwp%2Fv2%2Ftags&post=2095"}],"curies":[{"name":"wp","href":"https:\/\/api.w.org\/{rel}","templated":true}]}}