{"id":2090,"date":"2024-12-09T00:00:00","date_gmt":"2024-12-08T23:00:00","guid":{"rendered":"https:\/\/zamojskahistoria.pl\/?p=2090"},"modified":"2024-12-09T00:00:00","modified_gmt":"2024-12-08T23:00:00","slug":"tydzien-kultury-chrzescijanskiej-w-kolegiacie-i-tydzien-kultury-chrzecijanskiej-msze-odprawia-ks-zurawski-gra-zespol-redemptorystow-ujecie-i-ii-1977-r-autor-nn-odb-130x80-s","status":"publish","type":"post","link":"https:\/\/zamojskahistoria.pl\/?p=2090","title":{"rendered":"Tydzie\u0144 Kultury Chrze\u015bcija\u0144skiej w Kolegiacie. I Tydzie\u0144 Kultury Chrzecija\u0144skiej \u2013 msz\u0119 odprawia ks. \u017burawski, gra zesp\u00f3\u0142 redemptoryst\u00f3w, uj\u0119cie I-II, 1977 r. autor NN, odb. 130&#215;80 \u2013 sygn. 88.1178.05254.1-2 brak"},"content":{"rendered":"<p>Tydzie\u0144 Kultury Chrze\u015bcija\u0144skiej w Kolegiacie. I Tydzie\u0144 Kultury Chrzecija\u0144skiej \u2013 msz\u0119 odprawia ks. \u017burawski, gra zesp\u00f3\u0142 redemptoryst\u00f3w, uj\u0119cie I-II, 1977 r. autor NN, odb. 130&#215;80 \u2013 sygn. 88.1178.05254.1-2 brak<\/p>\n","protected":false},"excerpt":{"rendered":"<p>Tydzie\u0144 Kultury Chrze\u015bcija\u0144skiej w Kolegiacie. I Tydzie\u0144 Kultury Chrzecija\u0144skiej \u2013 msz\u0119 odprawia ks. \u017burawski, gra zesp\u00f3\u0142 redemptoryst\u00f3w, uj\u0119cie I-II, 1977 r. autor NN, odb. 130&#215;80 \u2013 sygn. 88.1178.05254.1-2 brak<\/p>\n","protected":false},"author":1,"featured_media":112,"comment_status":"open","ping_status":"open","sticky":false,"template":"","format":"standard","meta":{"footnotes":""},"categories":[22,45],"tags":[],"class_list":["post-2090","post","type-post","status-publish","format-standard","has-post-thumbnail","hentry","category-fotografie","category-kosciol"],"_links":{"self":[{"href":"https:\/\/zamojskahistoria.pl\/index.php?rest_route=\/wp\/v2\/posts\/2090","targetHints":{"allow":["GET"]}}],"collection":[{"href":"https:\/\/zamojskahistoria.pl\/index.php?rest_route=\/wp\/v2\/posts"}],"about":[{"href":"https:\/\/zamojskahistoria.pl\/index.php?rest_route=\/wp\/v2\/types\/post"}],"author":[{"embeddable":true,"href":"https:\/\/zamojskahistoria.pl\/index.php?rest_route=\/wp\/v2\/users\/1"}],"replies":[{"embeddable":true,"href":"https:\/\/zamojskahistoria.pl\/index.php?rest_route=%2Fwp%2Fv2%2Fcomments&post=2090"}],"version-history":[{"count":0,"href":"https:\/\/zamojskahistoria.pl\/index.php?rest_route=\/wp\/v2\/posts\/2090\/revisions"}],"wp:featuredmedia":[{"embeddable":true,"href":"https:\/\/zamojskahistoria.pl\/index.php?rest_route=\/wp\/v2\/media\/112"}],"wp:attachment":[{"href":"https:\/\/zamojskahistoria.pl\/index.php?rest_route=%2Fwp%2Fv2%2Fmedia&parent=2090"}],"wp:term":[{"taxonomy":"category","embeddable":true,"href":"https:\/\/zamojskahistoria.pl\/index.php?rest_route=%2Fwp%2Fv2%2Fcategories&post=2090"},{"taxonomy":"post_tag","embeddable":true,"href":"https:\/\/zamojskahistoria.pl\/index.php?rest_route=%2Fwp%2Fv2%2Ftags&post=2090"}],"curies":[{"name":"wp","href":"https:\/\/api.w.org\/{rel}","templated":true}]}}