{"id":2089,"date":"2024-12-09T00:00:00","date_gmt":"2024-12-08T23:00:00","guid":{"rendered":"https:\/\/zamojskahistoria.pl\/?p=2089"},"modified":"2024-12-09T00:00:00","modified_gmt":"2024-12-08T23:00:00","slug":"sesja-naukowa-kapituly-zamojskiej-z-okazji-400-lecia-zamoscia-1980-r-widok-ogolny-modlitwa-odb-142x97-sygn-88-1178-05252-6-brak","status":"publish","type":"post","link":"https:\/\/zamojskahistoria.pl\/?p=2089","title":{"rendered":"Sesja naukowa Kapitu\u0142y Zamojskiej z okazji 400-lecia Zamo\u015bcia, 1980 r. Widok og\u00f3lny &#8211; modlitwa, odb. 142&#215;97 \u2013 sygn. 88.1178.05252.6 brak"},"content":{"rendered":"<p>Sesja naukowa Kapitu\u0142y Zamojskiej z okazji 400-lecia Zamo\u015bcia, 1980 r. Widok og\u00f3lny &#8211; modlitwa, odb. 142&#215;97 \u2013 sygn. 88.1178.05252.6 brak<\/p>\n","protected":false},"excerpt":{"rendered":"<p>Sesja naukowa Kapitu\u0142y Zamojskiej z okazji 400-lecia Zamo\u015bcia, 1980 r. Widok og\u00f3lny &#8211; modlitwa, odb. 142&#215;97 \u2013 sygn. 88.1178.05252.6 brak<\/p>\n","protected":false},"author":1,"featured_media":112,"comment_status":"open","ping_status":"open","sticky":false,"template":"","format":"standard","meta":{"footnotes":""},"categories":[22,45],"tags":[],"class_list":["post-2089","post","type-post","status-publish","format-standard","has-post-thumbnail","hentry","category-fotografie","category-kosciol"],"_links":{"self":[{"href":"https:\/\/zamojskahistoria.pl\/index.php?rest_route=\/wp\/v2\/posts\/2089","targetHints":{"allow":["GET"]}}],"collection":[{"href":"https:\/\/zamojskahistoria.pl\/index.php?rest_route=\/wp\/v2\/posts"}],"about":[{"href":"https:\/\/zamojskahistoria.pl\/index.php?rest_route=\/wp\/v2\/types\/post"}],"author":[{"embeddable":true,"href":"https:\/\/zamojskahistoria.pl\/index.php?rest_route=\/wp\/v2\/users\/1"}],"replies":[{"embeddable":true,"href":"https:\/\/zamojskahistoria.pl\/index.php?rest_route=%2Fwp%2Fv2%2Fcomments&post=2089"}],"version-history":[{"count":0,"href":"https:\/\/zamojskahistoria.pl\/index.php?rest_route=\/wp\/v2\/posts\/2089\/revisions"}],"wp:featuredmedia":[{"embeddable":true,"href":"https:\/\/zamojskahistoria.pl\/index.php?rest_route=\/wp\/v2\/media\/112"}],"wp:attachment":[{"href":"https:\/\/zamojskahistoria.pl\/index.php?rest_route=%2Fwp%2Fv2%2Fmedia&parent=2089"}],"wp:term":[{"taxonomy":"category","embeddable":true,"href":"https:\/\/zamojskahistoria.pl\/index.php?rest_route=%2Fwp%2Fv2%2Fcategories&post=2089"},{"taxonomy":"post_tag","embeddable":true,"href":"https:\/\/zamojskahistoria.pl\/index.php?rest_route=%2Fwp%2Fv2%2Ftags&post=2089"}],"curies":[{"name":"wp","href":"https:\/\/api.w.org\/{rel}","templated":true}]}}