{"id":2081,"date":"2024-12-09T00:00:00","date_gmt":"2024-12-08T23:00:00","guid":{"rendered":"https:\/\/zamojskahistoria.pl\/?p=2081"},"modified":"2024-12-09T00:00:00","modified_gmt":"2024-12-08T23:00:00","slug":"uroczystosc-odsloniecia-tablicy-poswieconej-zolnierzom-3-dpleg-ufundowanej-przez-gen-stanislawa-tatara-2-ix-1979-r-2-serie-odsloniecie-tablicy-odb-140x90-sygn-88-1178-05245-19-brak","status":"publish","type":"post","link":"https:\/\/zamojskahistoria.pl\/?p=2081","title":{"rendered":"Uroczysto\u015b\u0107 ods\u0142oni\u0119cia tablicy po\u015bwi\u0119conej \u017co\u0142nierzom 3 DPleg. ufundowanej przez gen. Stanis\u0142awa Tatara, 2 IX 1979 r. (2 serie) Ods\u0142oni\u0119cie tablicy, odb. 140&#215;90 \u2013 sygn. 88.1178.05245.19 brak"},"content":{"rendered":"<p>Uroczysto\u015b\u0107 ods\u0142oni\u0119cia tablicy po\u015bwi\u0119conej \u017co\u0142nierzom 3 DPleg. ufundowanej przez gen. Stanis\u0142awa Tatara, 2 IX 1979 r. (2 serie) Ods\u0142oni\u0119cie tablicy, odb. 140&#215;90 \u2013 sygn. 88.1178.05245.19 brak<\/p>\n","protected":false},"excerpt":{"rendered":"<p>Uroczysto\u015b\u0107 ods\u0142oni\u0119cia tablicy po\u015bwi\u0119conej \u017co\u0142nierzom 3 DPleg. ufundowanej przez gen. Stanis\u0142awa Tatara, 2 IX 1979 r. (2 serie) Ods\u0142oni\u0119cie tablicy, odb. 140&#215;90 \u2013 sygn. 88.1178.05245.19 brak<\/p>\n","protected":false},"author":1,"featured_media":112,"comment_status":"open","ping_status":"open","sticky":false,"template":"","format":"standard","meta":{"footnotes":""},"categories":[22,45],"tags":[],"class_list":["post-2081","post","type-post","status-publish","format-standard","has-post-thumbnail","hentry","category-fotografie","category-kosciol"],"_links":{"self":[{"href":"https:\/\/zamojskahistoria.pl\/index.php?rest_route=\/wp\/v2\/posts\/2081","targetHints":{"allow":["GET"]}}],"collection":[{"href":"https:\/\/zamojskahistoria.pl\/index.php?rest_route=\/wp\/v2\/posts"}],"about":[{"href":"https:\/\/zamojskahistoria.pl\/index.php?rest_route=\/wp\/v2\/types\/post"}],"author":[{"embeddable":true,"href":"https:\/\/zamojskahistoria.pl\/index.php?rest_route=\/wp\/v2\/users\/1"}],"replies":[{"embeddable":true,"href":"https:\/\/zamojskahistoria.pl\/index.php?rest_route=%2Fwp%2Fv2%2Fcomments&post=2081"}],"version-history":[{"count":0,"href":"https:\/\/zamojskahistoria.pl\/index.php?rest_route=\/wp\/v2\/posts\/2081\/revisions"}],"wp:featuredmedia":[{"embeddable":true,"href":"https:\/\/zamojskahistoria.pl\/index.php?rest_route=\/wp\/v2\/media\/112"}],"wp:attachment":[{"href":"https:\/\/zamojskahistoria.pl\/index.php?rest_route=%2Fwp%2Fv2%2Fmedia&parent=2081"}],"wp:term":[{"taxonomy":"category","embeddable":true,"href":"https:\/\/zamojskahistoria.pl\/index.php?rest_route=%2Fwp%2Fv2%2Fcategories&post=2081"},{"taxonomy":"post_tag","embeddable":true,"href":"https:\/\/zamojskahistoria.pl\/index.php?rest_route=%2Fwp%2Fv2%2Ftags&post=2081"}],"curies":[{"name":"wp","href":"https:\/\/api.w.org\/{rel}","templated":true}]}}