{"id":1888,"date":"2024-12-09T00:00:00","date_gmt":"2024-12-08T23:00:00","guid":{"rendered":"https:\/\/zamojskahistoria.pl\/?p=1888"},"modified":"2024-12-09T00:00:00","modified_gmt":"2024-12-08T23:00:00","slug":"wnetrza-kolegiaty-remont-wgladowki-27-x-1986-autor-andrzej-bak-film-nr-811-odb-180x240-sygn-88-1178-05108-3-dig","status":"publish","type":"post","link":"https:\/\/zamojskahistoria.pl\/?p=1888","title":{"rendered":"Wn\u0119trza Kolegiaty \u2013 remont, wgl\u0105d\u00f3wki, 27 X 1986, autor Andrzej B\u0105k Film nr 811, odb. 180&#215;240\u2013 sygn. 88.1178.05108.3 dig."},"content":{"rendered":"<p>Wn\u0119trza Kolegiaty \u2013 remont, wgl\u0105d\u00f3wki, 27 X 1986, autor Andrzej B\u0105k Film nr 811, odb. 180&#215;240\u2013 sygn. 88.1178.05108.3 dig.<\/p>\n","protected":false},"excerpt":{"rendered":"<p>Wn\u0119trza Kolegiaty \u2013 remont, wgl\u0105d\u00f3wki, 27 X 1986, autor Andrzej B\u0105k Film nr 811, odb. 180&#215;240\u2013 sygn. 88.1178.05108.3 dig.<\/p>\n","protected":false},"author":1,"featured_media":112,"comment_status":"open","ping_status":"open","sticky":false,"template":"","format":"standard","meta":{"footnotes":""},"categories":[22,45],"tags":[],"class_list":["post-1888","post","type-post","status-publish","format-standard","has-post-thumbnail","hentry","category-fotografie","category-kosciol"],"_links":{"self":[{"href":"https:\/\/zamojskahistoria.pl\/index.php?rest_route=\/wp\/v2\/posts\/1888","targetHints":{"allow":["GET"]}}],"collection":[{"href":"https:\/\/zamojskahistoria.pl\/index.php?rest_route=\/wp\/v2\/posts"}],"about":[{"href":"https:\/\/zamojskahistoria.pl\/index.php?rest_route=\/wp\/v2\/types\/post"}],"author":[{"embeddable":true,"href":"https:\/\/zamojskahistoria.pl\/index.php?rest_route=\/wp\/v2\/users\/1"}],"replies":[{"embeddable":true,"href":"https:\/\/zamojskahistoria.pl\/index.php?rest_route=%2Fwp%2Fv2%2Fcomments&post=1888"}],"version-history":[{"count":0,"href":"https:\/\/zamojskahistoria.pl\/index.php?rest_route=\/wp\/v2\/posts\/1888\/revisions"}],"wp:featuredmedia":[{"embeddable":true,"href":"https:\/\/zamojskahistoria.pl\/index.php?rest_route=\/wp\/v2\/media\/112"}],"wp:attachment":[{"href":"https:\/\/zamojskahistoria.pl\/index.php?rest_route=%2Fwp%2Fv2%2Fmedia&parent=1888"}],"wp:term":[{"taxonomy":"category","embeddable":true,"href":"https:\/\/zamojskahistoria.pl\/index.php?rest_route=%2Fwp%2Fv2%2Fcategories&post=1888"},{"taxonomy":"post_tag","embeddable":true,"href":"https:\/\/zamojskahistoria.pl\/index.php?rest_route=%2Fwp%2Fv2%2Ftags&post=1888"}],"curies":[{"name":"wp","href":"https:\/\/api.w.org\/{rel}","templated":true}]}}