{"id":1885,"date":"2024-12-09T00:00:00","date_gmt":"2024-12-08T23:00:00","guid":{"rendered":"https:\/\/zamojskahistoria.pl\/?p=1885"},"modified":"2024-12-09T00:00:00","modified_gmt":"2024-12-08T23:00:00","slug":"wnetrza-kolegiaty-fragment-belkowania-w-nawie-glownej-autor-jozef-duda-odb-158x219-sygn-88-1178-05107-2-brak","status":"publish","type":"post","link":"https:\/\/zamojskahistoria.pl\/?p=1885","title":{"rendered":"Wn\u0119trza Kolegiaty Fragment belkowania w nawie g\u0142\u00f3wnej, autor J\u00f3zef Duda, odb. 158&#215;219 \u2013 sygn. 88.1178.05107.2 brak"},"content":{"rendered":"<p>Wn\u0119trza Kolegiaty Fragment belkowania w nawie g\u0142\u00f3wnej, autor J\u00f3zef Duda, odb. 158&#215;219 \u2013 sygn. 88.1178.05107.2 brak<\/p>\n","protected":false},"excerpt":{"rendered":"<p>Wn\u0119trza Kolegiaty Fragment belkowania w nawie g\u0142\u00f3wnej, autor J\u00f3zef Duda, odb. 158&#215;219 \u2013 sygn. 88.1178.05107.2 brak<\/p>\n","protected":false},"author":1,"featured_media":112,"comment_status":"open","ping_status":"open","sticky":false,"template":"","format":"standard","meta":{"footnotes":""},"categories":[22,45],"tags":[],"class_list":["post-1885","post","type-post","status-publish","format-standard","has-post-thumbnail","hentry","category-fotografie","category-kosciol"],"_links":{"self":[{"href":"https:\/\/zamojskahistoria.pl\/index.php?rest_route=\/wp\/v2\/posts\/1885","targetHints":{"allow":["GET"]}}],"collection":[{"href":"https:\/\/zamojskahistoria.pl\/index.php?rest_route=\/wp\/v2\/posts"}],"about":[{"href":"https:\/\/zamojskahistoria.pl\/index.php?rest_route=\/wp\/v2\/types\/post"}],"author":[{"embeddable":true,"href":"https:\/\/zamojskahistoria.pl\/index.php?rest_route=\/wp\/v2\/users\/1"}],"replies":[{"embeddable":true,"href":"https:\/\/zamojskahistoria.pl\/index.php?rest_route=%2Fwp%2Fv2%2Fcomments&post=1885"}],"version-history":[{"count":0,"href":"https:\/\/zamojskahistoria.pl\/index.php?rest_route=\/wp\/v2\/posts\/1885\/revisions"}],"wp:featuredmedia":[{"embeddable":true,"href":"https:\/\/zamojskahistoria.pl\/index.php?rest_route=\/wp\/v2\/media\/112"}],"wp:attachment":[{"href":"https:\/\/zamojskahistoria.pl\/index.php?rest_route=%2Fwp%2Fv2%2Fmedia&parent=1885"}],"wp:term":[{"taxonomy":"category","embeddable":true,"href":"https:\/\/zamojskahistoria.pl\/index.php?rest_route=%2Fwp%2Fv2%2Fcategories&post=1885"},{"taxonomy":"post_tag","embeddable":true,"href":"https:\/\/zamojskahistoria.pl\/index.php?rest_route=%2Fwp%2Fv2%2Ftags&post=1885"}],"curies":[{"name":"wp","href":"https:\/\/api.w.org\/{rel}","templated":true}]}}