{"id":17898,"date":"2025-10-10T10:59:36","date_gmt":"2025-10-10T08:59:36","guid":{"rendered":"https:\/\/zamojskahistoria.pl\/?p=17898"},"modified":"2026-03-12T13:03:43","modified_gmt":"2026-03-12T12:03:43","slug":"digitalizacja-fotografii-stanislawa-orlowskiego","status":"publish","type":"post","link":"https:\/\/zamojskahistoria.pl\/?p=17898","title":{"rendered":"Digitalizacja fotografii Stanis\u0142awa Or\u0142owskiego"},"content":{"rendered":"\n<p><strong>Ponad 30 tysi\u0119cy zdj\u0119\u0107 Stanis\u0142awa Or\u0142owskiego zostanie zdigitalizowanych i udost\u0119pnionych w formie cyfrowej przez Fundacj\u0119 Innowacyjne Wsparcie \u2013 Zr\u00f3wnowa\u017cony Rozw\u00f3j.<br>Projekt dofinansowano ze \u015brodk\u00f3w Ministra Kultury i Dziedzictwa Narodowego, a partnerem w jego realizacji jest Archiwum Pa\u0144stwowe w Zamo\u015bciu. Zdigitalizowane fotografie dost\u0119pne b\u0119d\u0105 bezp\u0142atnie w Zamojskim Archiwum Cyfrowym na stronie <\/strong><a href=\"http:\/\/www.zamojskahistoria.pl\"><strong>www.zamojskahistoria.pl<\/strong><\/a><\/p>\n\n\n\n<p>Realizacja projektu stanowi wa\u017cny krok w ochronie i popularyzacji dziedzictwa kulturowego Zamo\u015bcia, Zamojszczyzny oraz innych region\u00f3w Polski. Jego bohaterem jest Stanis\u0142aw Or\u0142owski (ur. 1934 r.) \u2013 wybitny fotografik, dokumentalista i pasjonat, kt\u00f3ry ca\u0142e swoje \u017cycie zawodowe<br>i spo\u0142eczne zwi\u0105za\u0142 z hetma\u0144skim grodem. Przez lata pracowa\u0142 w instytucjach zajmuj\u0105cych si\u0119 architektur\u0105 i ochron\u0105 zabytk\u00f3w, m.in. w Pracowniach Konserwacji Zabytk\u00f3w, O\u015brodku Bada\u0144<br>i Dokumentacji Zabytk\u00f3w oraz Pa\u0144stwowych S\u0142u\u017cbach Ochrony Zabytk\u00f3w. R\u00f3wnolegle rozwija\u0142 swoj\u0105 pasj\u0119 fotograficzn\u0105, kt\u00f3ra z czasem sta\u0142a si\u0119 jego najwi\u0119kszym dorobkiem artystycznym<br>i dokumentacyjnym<\/p>\n\n\n\n<p>Stanis\u0142aw Or\u0142owski by\u0142 tak\u017ce aktywnym dzia\u0142aczem spo\u0142ecznym i turystycznym, wieloletnim cz\u0142onkiem Polskiego Towarzystwa Turystyczno-Krajoznawczego oraz prezesem zamojskiego Oddzia\u0142u PTTK. W 1961 roku za\u0142o\u017cy\u0142 Zamojskie Towarzystwo Fotograficzne, kt\u00f3rym kierowa\u0142 przez ponad pi\u0119\u0107 dekad, a w 1988 roku powo\u0142a\u0142 do \u017cycia Galeri\u0119 Fotografii \u201eRatusz\u201d \u2013 jedno<br>z najwa\u017cniejszych miejsc prezentacji fotografii w Zamo\u015bciu. Jego tw\u00f3rczo\u015b\u0107 obejmuje fotografi\u0119 architektury, krajobrazu, fotografi\u0119 reporta\u017cow\u0105 i rodzajow\u0105, a tak\u017ce dokumentacj\u0119 \u017cycia spo\u0142ecznego i przemian zachodz\u0105cych w przestrzeni miejskiej i przyrodniczej<\/p>\n\n\n\n<p>W 2021 roku fotograf zdecydowa\u0142 si\u0119 przekaza\u0107 swoj\u0105 spu\u015bcizn\u0119 do Archiwum Pa\u0144stwowego<br>w Zamo\u015bciu. Fotografie powstawa\u0142y od ko\u0144ca lat 50. do pocz\u0105tku lat 90. XX wieku i dokumentuj\u0105 nie tylko Zamo\u015b\u0107 i jego mieszka\u0144c\u00f3w, lecz tak\u017ce inne regiony Polski \u2013 od Ba\u0142tyku po Tatry<br>\u2013 oraz podr\u00f3\u017ce zagraniczne autora, m.in. do Francji, Niemiec, Czechos\u0142owacji i Bu\u0142garii<\/p>\n\n\n\n<p>Projekt digitalizacji obj\u0105\u0142 opracowanie, zeskanowanie oraz udost\u0119pnienie tego unikatowego zbioru. Dorobek Stanis\u0142awa Or\u0142owskiego jest jedn\u0105 z najwi\u0119kszych kolekcji fotograficznych znajduj\u0105cych si\u0119 w pa\u0144stwowej sieci archiwalnej i ma ogromn\u0105 warto\u015b\u0107 dokumentacyjn\u0105, historyczn\u0105 oraz artystyczn\u0105. Zdigitalizowane materia\u0142y mog\u0105 by\u0107 wykorzystywane<br>m.in. do publikacji albumowych, prezentacji multimedialnych, bada\u0144 naukowych<br>nad przemianami architektury, urbanistyki i \u017cycia spo\u0142ecznego w drugiej po\u0142owie XX wieku,<br>a tak\u017ce w edukacji uczni\u00f3w, m\u0142odzie\u017cy i student\u00f3w<\/p>\n\n\n\n<p>Realizatorem projektu jest Fundacja Innowacyjne Wsparcie \u2013 Zr\u00f3wnowa\u017cony Rozw\u00f3j<br>w partnerstwie z Archiwum Pa\u0144stwowym w Zamo\u015bciu. Fundacja czerpie z do\u015bwiadcze\u0144 zdobytych podczas realizacji dzia\u0142a\u0144 kulturalnych i proczytelniczych, a jej celem jest rozszerzanie inicjatyw zwi\u0105zanych z histori\u0105 i kultur\u0105 regionu. Digitalizacja zbioru Stanis\u0142awa Or\u0142owskiego doskonale wpisuje si\u0119 w te za\u0142o\u017cenia, umo\u017cliwiaj\u0105c szeroki i bezp\u0142atny dost\u0119p do wyj\u0105tkowego \u015bwiadectwa przesz\u0142o\u015bci <\/p>\n\n\n\n<p><strong><em>Projekt \u201eDigitalizacja, opracowanie i udost\u0119pnienie zbioru fotografii Stanis\u0142awa Or\u0142owskiego\u201d dofinansowano ze \u015brodk\u00f3w Ministra Kultury i Dziedzictwa Narodowego pochodz\u0105cych z Funduszu Promocji Kultury \u2013 pa\u0144stwowego funduszu celowego\u201d<\/em><\/strong><\/p>\n\n\n<div class=\"wp-block-image\">\n<figure class=\"aligncenter size-large\"><img loading=\"lazy\" decoding=\"async\" width=\"725\" height=\"1024\" src=\"https:\/\/zamojskahistoria.pl\/wp-content\/uploads\/2026\/03\/Plakat_FIWZR_Orlowski-725x1024.png\" alt=\"\" class=\"wp-image-17899\" srcset=\"https:\/\/zamojskahistoria.pl\/wp-content\/uploads\/2026\/03\/Plakat_FIWZR_Orlowski-725x1024.png 725w, https:\/\/zamojskahistoria.pl\/wp-content\/uploads\/2026\/03\/Plakat_FIWZR_Orlowski-212x300.png 212w, https:\/\/zamojskahistoria.pl\/wp-content\/uploads\/2026\/03\/Plakat_FIWZR_Orlowski-768x1085.png 768w, https:\/\/zamojskahistoria.pl\/wp-content\/uploads\/2026\/03\/Plakat_FIWZR_Orlowski-1087x1536.png 1087w, https:\/\/zamojskahistoria.pl\/wp-content\/uploads\/2026\/03\/Plakat_FIWZR_Orlowski.png 1123w\" sizes=\"auto, (max-width: 725px) 100vw, 725px\" \/><\/figure>\n<\/div>\n\n<div class=\"wp-block-image\">\n<figure class=\"aligncenter size-large\"><img loading=\"lazy\" decoding=\"async\" width=\"1024\" height=\"288\" src=\"https:\/\/zamojskahistoria.pl\/wp-content\/uploads\/2026\/03\/logo_MKiDN2-1024x288.png\" alt=\"\" class=\"wp-image-17900\" srcset=\"https:\/\/zamojskahistoria.pl\/wp-content\/uploads\/2026\/03\/logo_MKiDN2-1024x288.png 1024w, https:\/\/zamojskahistoria.pl\/wp-content\/uploads\/2026\/03\/logo_MKiDN2-300x84.png 300w, https:\/\/zamojskahistoria.pl\/wp-content\/uploads\/2026\/03\/logo_MKiDN2-768x216.png 768w, https:\/\/zamojskahistoria.pl\/wp-content\/uploads\/2026\/03\/logo_MKiDN2.png 1536w\" sizes=\"auto, (max-width: 1024px) 100vw, 1024px\" \/><\/figure>\n<\/div>","protected":false},"excerpt":{"rendered":"<p>Ponad 30 tysi\u0119cy zdj\u0119\u0107 Stanis\u0142awa Or\u0142owskiego zostanie zdigitalizowanych i udost\u0119pnionych w formie cyfrowej przez Fundacj\u0119 Innowacyjne Wsparcie \u2013 Zr\u00f3wnowa\u017cony Rozw\u00f3j.Projekt dofinansowano ze \u015brodk\u00f3w Ministra Kultury i Dziedzictwa Narodowego, a partnerem w jego realizacji jest Archiwum Pa\u0144stwowe w Zamo\u015bciu. Zdigitalizowane fotografie dost\u0119pne b\u0119d\u0105 bezp\u0142atnie w Zamojskim Archiwum Cyfrowym na stronie www.zamojskahistoria.pl Realizacja projektu stanowi wa\u017cny krok [&hellip;]<\/p>\n","protected":false},"author":1,"featured_media":17899,"comment_status":"closed","ping_status":"open","sticky":false,"template":"","format":"standard","meta":{"footnotes":""},"categories":[22],"tags":[],"class_list":["post-17898","post","type-post","status-publish","format-standard","has-post-thumbnail","hentry","category-fotografie"],"_links":{"self":[{"href":"https:\/\/zamojskahistoria.pl\/index.php?rest_route=\/wp\/v2\/posts\/17898","targetHints":{"allow":["GET"]}}],"collection":[{"href":"https:\/\/zamojskahistoria.pl\/index.php?rest_route=\/wp\/v2\/posts"}],"about":[{"href":"https:\/\/zamojskahistoria.pl\/index.php?rest_route=\/wp\/v2\/types\/post"}],"author":[{"embeddable":true,"href":"https:\/\/zamojskahistoria.pl\/index.php?rest_route=\/wp\/v2\/users\/1"}],"replies":[{"embeddable":true,"href":"https:\/\/zamojskahistoria.pl\/index.php?rest_route=%2Fwp%2Fv2%2Fcomments&post=17898"}],"version-history":[{"count":2,"href":"https:\/\/zamojskahistoria.pl\/index.php?rest_route=\/wp\/v2\/posts\/17898\/revisions"}],"predecessor-version":[{"id":17902,"href":"https:\/\/zamojskahistoria.pl\/index.php?rest_route=\/wp\/v2\/posts\/17898\/revisions\/17902"}],"wp:featuredmedia":[{"embeddable":true,"href":"https:\/\/zamojskahistoria.pl\/index.php?rest_route=\/wp\/v2\/media\/17899"}],"wp:attachment":[{"href":"https:\/\/zamojskahistoria.pl\/index.php?rest_route=%2Fwp%2Fv2%2Fmedia&parent=17898"}],"wp:term":[{"taxonomy":"category","embeddable":true,"href":"https:\/\/zamojskahistoria.pl\/index.php?rest_route=%2Fwp%2Fv2%2Fcategories&post=17898"},{"taxonomy":"post_tag","embeddable":true,"href":"https:\/\/zamojskahistoria.pl\/index.php?rest_route=%2Fwp%2Fv2%2Ftags&post=17898"}],"curies":[{"name":"wp","href":"https:\/\/api.w.org\/{rel}","templated":true}]}}