{"id":1641,"date":"2024-10-01T00:00:00","date_gmt":"2024-09-30T22:00:00","guid":{"rendered":"https:\/\/zamojskahistoria.pl\/?p=1641"},"modified":"2024-10-01T00:00:00","modified_gmt":"2024-09-30T22:00:00","slug":"uroczysta-sesja-z-okazji-400-lecia-zamoscia-10-iv-1980-widok-ogolny-sali-w-wdk-autor-nn-odb-168x118-sygn-88-1178-03123-1-brak-mrn-w-zamosciu-sesja-mrn","status":"publish","type":"post","link":"https:\/\/zamojskahistoria.pl\/?p=1641","title":{"rendered":"Uroczysta sesja z okazji 400-lecia Zamo\u015bcia, 10 IV 1980 Widok og\u00f3lny sali w WDK, autor NN, odb. 168&#215;118 \u2013 sygn. 88.1178.03123.1 brak  MRN W ZAMO\u015aCIU, SESJA MRN"},"content":{"rendered":"<p>Uroczysta sesja z okazji 400-lecia Zamo\u015bcia, 10 IV 1980 Widok og\u00f3lny sali w WDK, autor NN, odb. 168&#215;118 \u2013 sygn. 88.1178.03123.1 brak  MRN W ZAMO\u015aCIU, SESJA MRN<\/p>\n","protected":false},"excerpt":{"rendered":"<p>Uroczysta sesja z okazji 400-lecia Zamo\u015bcia, 10 IV 1980 Widok og\u00f3lny sali w WDK, autor NN, odb. 168&#215;118 \u2013 sygn. 88.1178.03123.1 brak MRN W ZAMO\u015aCIU, SESJA MRN<\/p>\n","protected":false},"author":1,"featured_media":112,"comment_status":"open","ping_status":"open","sticky":false,"template":"","format":"standard","meta":{"footnotes":""},"categories":[22,23],"tags":[],"class_list":["post-1641","post","type-post","status-publish","format-standard","has-post-thumbnail","hentry","category-fotografie","category-urzedy"],"_links":{"self":[{"href":"https:\/\/zamojskahistoria.pl\/index.php?rest_route=\/wp\/v2\/posts\/1641","targetHints":{"allow":["GET"]}}],"collection":[{"href":"https:\/\/zamojskahistoria.pl\/index.php?rest_route=\/wp\/v2\/posts"}],"about":[{"href":"https:\/\/zamojskahistoria.pl\/index.php?rest_route=\/wp\/v2\/types\/post"}],"author":[{"embeddable":true,"href":"https:\/\/zamojskahistoria.pl\/index.php?rest_route=\/wp\/v2\/users\/1"}],"replies":[{"embeddable":true,"href":"https:\/\/zamojskahistoria.pl\/index.php?rest_route=%2Fwp%2Fv2%2Fcomments&post=1641"}],"version-history":[{"count":0,"href":"https:\/\/zamojskahistoria.pl\/index.php?rest_route=\/wp\/v2\/posts\/1641\/revisions"}],"wp:featuredmedia":[{"embeddable":true,"href":"https:\/\/zamojskahistoria.pl\/index.php?rest_route=\/wp\/v2\/media\/112"}],"wp:attachment":[{"href":"https:\/\/zamojskahistoria.pl\/index.php?rest_route=%2Fwp%2Fv2%2Fmedia&parent=1641"}],"wp:term":[{"taxonomy":"category","embeddable":true,"href":"https:\/\/zamojskahistoria.pl\/index.php?rest_route=%2Fwp%2Fv2%2Fcategories&post=1641"},{"taxonomy":"post_tag","embeddable":true,"href":"https:\/\/zamojskahistoria.pl\/index.php?rest_route=%2Fwp%2Fv2%2Ftags&post=1641"}],"curies":[{"name":"wp","href":"https:\/\/api.w.org\/{rel}","templated":true}]}}