{"id":1627,"date":"2024-10-01T00:00:00","date_gmt":"2024-09-30T22:00:00","guid":{"rendered":"https:\/\/zamojskahistoria.pl\/?p=1627"},"modified":"2024-10-01T00:00:00","modified_gmt":"2024-09-30T22:00:00","slug":"inauguracyjna-sesja-mrn-w-zamosciu-1969-prezydium-sesji-od-lewej-stefan-taraszkiewicz-w-srodku-radny-senior-michal-bojarczuk-sygn-88-1178-03122-3-brak-mrn-w-zamosciu-sesja-mrn","status":"publish","type":"post","link":"https:\/\/zamojskahistoria.pl\/?p=1627","title":{"rendered":"Inauguracyjna sesja MRN w Zamo\u015bciu, 1969, Prezydium sesji od lewej Stefan Taraszkiewicz, w \u015brodku radny senior Micha\u0142 Bojarczuk \u2013 sygn. 88.1178.03122.3 brak MRN W ZAMO\u015aCIU, SESJA MRN"},"content":{"rendered":"<p>Inauguracyjna sesja MRN w Zamo\u015bciu, 1969, Prezydium sesji od lewej Stefan Taraszkiewicz, w \u015brodku radny senior Micha\u0142 Bojarczuk \u2013 sygn. 88.1178.03122.3 brak MRN W ZAMO\u015aCIU, SESJA MRN<\/p>\n","protected":false},"excerpt":{"rendered":"<p>Inauguracyjna sesja MRN w Zamo\u015bciu, 1969, Prezydium sesji od lewej Stefan Taraszkiewicz, w \u015brodku radny senior Micha\u0142 Bojarczuk \u2013 sygn. 88.1178.03122.3 brak MRN W ZAMO\u015aCIU, SESJA MRN<\/p>\n","protected":false},"author":1,"featured_media":112,"comment_status":"open","ping_status":"open","sticky":false,"template":"","format":"standard","meta":{"footnotes":""},"categories":[22,23],"tags":[],"class_list":["post-1627","post","type-post","status-publish","format-standard","has-post-thumbnail","hentry","category-fotografie","category-urzedy"],"_links":{"self":[{"href":"https:\/\/zamojskahistoria.pl\/index.php?rest_route=\/wp\/v2\/posts\/1627","targetHints":{"allow":["GET"]}}],"collection":[{"href":"https:\/\/zamojskahistoria.pl\/index.php?rest_route=\/wp\/v2\/posts"}],"about":[{"href":"https:\/\/zamojskahistoria.pl\/index.php?rest_route=\/wp\/v2\/types\/post"}],"author":[{"embeddable":true,"href":"https:\/\/zamojskahistoria.pl\/index.php?rest_route=\/wp\/v2\/users\/1"}],"replies":[{"embeddable":true,"href":"https:\/\/zamojskahistoria.pl\/index.php?rest_route=%2Fwp%2Fv2%2Fcomments&post=1627"}],"version-history":[{"count":0,"href":"https:\/\/zamojskahistoria.pl\/index.php?rest_route=\/wp\/v2\/posts\/1627\/revisions"}],"wp:featuredmedia":[{"embeddable":true,"href":"https:\/\/zamojskahistoria.pl\/index.php?rest_route=\/wp\/v2\/media\/112"}],"wp:attachment":[{"href":"https:\/\/zamojskahistoria.pl\/index.php?rest_route=%2Fwp%2Fv2%2Fmedia&parent=1627"}],"wp:term":[{"taxonomy":"category","embeddable":true,"href":"https:\/\/zamojskahistoria.pl\/index.php?rest_route=%2Fwp%2Fv2%2Fcategories&post=1627"},{"taxonomy":"post_tag","embeddable":true,"href":"https:\/\/zamojskahistoria.pl\/index.php?rest_route=%2Fwp%2Fv2%2Ftags&post=1627"}],"curies":[{"name":"wp","href":"https:\/\/api.w.org\/{rel}","templated":true}]}}